{"id":6049,"date":"2024-02-28T20:09:58","date_gmt":"2024-02-28T19:09:58","guid":{"rendered":"http:\/\/sfej.asso.fr\/?p=6049"},"modified":"2024-02-28T20:10:41","modified_gmt":"2024-02-28T19:10:41","slug":"colloquela-phenomenologie-et-loubli-du-japon-role-et-signification-du-japon-dans-la-phenomenologie-au-xxie-siecle-25-26-mars-2024-universite-de-strasbourg","status":"publish","type":"post","link":"http:\/\/sfej.asso.fr\/?p=6049","title":{"rendered":"[Colloque]\u00a0\u00bbLa ph\u00e9nom\u00e9nologie et \u00ab\u00a0l&rsquo;oubli du Japon\u00a0\u00bb. R\u00f4le et signification du \u00ab\u00a0Japon\u00a0\u00bb dans la ph\u00e9nom\u00e9nologie au XXIe si\u00e8cle\u00a0\u00bb, 25 &#038; 26 mars 2024, Universit\u00e9 de Strasbourg"},"content":{"rendered":"\n<p>Un colloque autour de la pens\u00e9e japonaise, intitul\u00e9 \u00ab\u00a0<strong>La ph\u00e9nom\u00e9nologie et \u00ab\u00a0l&rsquo;oubli du Japon\u00a0\u00bb. R\u00f4le et signification du \u00ab\u00a0Japon\u00a0\u00bb dans la ph\u00e9nom\u00e9nologie au XXIe si\u00e8cle<\/strong>\u00ab\u00a0, sera organis\u00e9 les 25 et 26 mars 2024, de 9h \u00e0 18h30 \u00e0 <a href=\"https:\/\/etudes-japonaises.unistra.fr\/\" data-type=\"link\" data-id=\"https:\/\/etudes-japonaises.unistra.fr\/\">l&rsquo;Universit\u00e9 de Strasbourg<\/a> (Amphith\u00e9\u00e2tre Alain Beretz).<\/p>\n\n\n\n<p><strong>Adresse<\/strong> : 20A rue Ren\u00e9 Descartes, 67000 Strasbourg. <\/p>\n\n\n\n<p>Rejoindre le colloque en ligne <em><a href=\"https:\/\/bbb.unistra.fr\/b\/edo-mvb-pil-oyi\" data-type=\"link\" data-id=\"https:\/\/bbb.unistra.fr\/b\/edo-mvb-pil-oyi\">en cliquant sur ce lien<\/a><\/em>.<\/p>\n\n\n\n<p>Les pr\u00e9sentations et discussions auront lieu en fran\u00e7ais, en japonais ou en anglais. Entr\u00e9e libre \u00e0 partir du doctorat. <\/p>\n\n\n\n<p><strong>Contacts<\/strong> : <a href=\"q.blaevoet@outlook.com\" data-type=\"link\" data-id=\"q.blaevoet@outlook.com\">q.blaevoet@outlook.com,<\/a> <a href=\"mailto:jy.faure@neuf.fr\">jy.faure@neuf.fr<\/a><\/p>\n\n\n<div class=\"wp-block-image\">\n<figure class=\"aligncenter size-full\"><img loading=\"lazy\" decoding=\"async\" width=\"1322\" height=\"1762\" src=\"http:\/\/sfej.asso.fr\/wp-content\/uploads\/2024\/02\/Capture-decran-2024-02-28-a-20.07.50.png\" alt=\"\" class=\"wp-image-6050\" srcset=\"http:\/\/sfej.asso.fr\/wp-content\/uploads\/2024\/02\/Capture-decran-2024-02-28-a-20.07.50.png 1322w, http:\/\/sfej.asso.fr\/wp-content\/uploads\/2024\/02\/Capture-decran-2024-02-28-a-20.07.50-225x300.png 225w, http:\/\/sfej.asso.fr\/wp-content\/uploads\/2024\/02\/Capture-decran-2024-02-28-a-20.07.50-768x1024.png 768w, http:\/\/sfej.asso.fr\/wp-content\/uploads\/2024\/02\/Capture-decran-2024-02-28-a-20.07.50-1152x1536.png 1152w, http:\/\/sfej.asso.fr\/wp-content\/uploads\/2024\/02\/Capture-decran-2024-02-28-a-20.07.50-203x270.png 203w\" sizes=\"auto, (max-width: 1322px) 100vw, 1322px\" \/><\/figure>\n<\/div>","protected":false},"excerpt":{"rendered":"<p>Un colloque autour de la pens\u00e9e japonaise, intitul\u00e9 \u00ab\u00a0La ph\u00e9nom\u00e9nologie et \u00ab\u00a0l&rsquo;oubli du Japon\u00a0\u00bb. R\u00f4le et signification du \u00ab\u00a0Japon\u00a0\u00bb dans la ph\u00e9nom\u00e9nologie au XXIe si\u00e8cle\u00ab\u00a0, sera organis\u00e9 les 25 et 26 mars 2024, de 9h \u00e0 18h30 \u00e0 l&rsquo;Universit\u00e9 de&hellip;&nbsp;<a href=\"http:\/\/sfej.asso.fr\/?p=6049\" class=\"more-link\">Lire la suite<\/a><\/p>\n","protected":false},"author":3,"featured_media":0,"comment_status":"closed","ping_status":"closed","sticky":false,"template":"","format":"standard","meta":{"_EventAllDay":false,"_EventTimezone":"","_EventStartDate":"","_EventEndDate":"","_EventStartDateUTC":"","_EventEndDateUTC":"","_EventShowMap":false,"_EventShowMapLink":false,"_EventURL":"","_EventCost":"","_EventCostDescription":"","_EventCurrencySymbol":"","_EventCurrencyCode":"","_EventCurrencyPosition":"","_EventDateTimeSeparator":"","_EventTimeRangeSeparator":"","_EventOrganizerID":[],"_EventVenueID":[],"_OrganizerEmail":"","_OrganizerPhone":"","_OrganizerWebsite":"","_VenueAddress":"","_VenueCity":"","_VenueCountry":"","_VenueProvince":"","_VenueState":"","_VenueZip":"","_VenuePhone":"","_VenueURL":"","_VenueStateProvince":"","_VenueLat":"","_VenueLng":"","_VenueShowMap":false,"_VenueShowMapLink":false,"footnotes":""},"categories":[28,30],"tags":[],"class_list":["post-6049","post","type-post","status-publish","format-standard","hentry","category-actualites","category-colloque"],"_links":{"self":[{"href":"http:\/\/sfej.asso.fr\/index.php?rest_route=\/wp\/v2\/posts\/6049","targetHints":{"allow":["GET"]}}],"collection":[{"href":"http:\/\/sfej.asso.fr\/index.php?rest_route=\/wp\/v2\/posts"}],"about":[{"href":"http:\/\/sfej.asso.fr\/index.php?rest_route=\/wp\/v2\/types\/post"}],"author":[{"embeddable":true,"href":"http:\/\/sfej.asso.fr\/index.php?rest_route=\/wp\/v2\/users\/3"}],"replies":[{"embeddable":true,"href":"http:\/\/sfej.asso.fr\/index.php?rest_route=%2Fwp%2Fv2%2Fcomments&post=6049"}],"version-history":[{"count":2,"href":"http:\/\/sfej.asso.fr\/index.php?rest_route=\/wp\/v2\/posts\/6049\/revisions"}],"predecessor-version":[{"id":6052,"href":"http:\/\/sfej.asso.fr\/index.php?rest_route=\/wp\/v2\/posts\/6049\/revisions\/6052"}],"wp:attachment":[{"href":"http:\/\/sfej.asso.fr\/index.php?rest_route=%2Fwp%2Fv2%2Fmedia&parent=6049"}],"wp:term":[{"taxonomy":"category","embeddable":true,"href":"http:\/\/sfej.asso.fr\/index.php?rest_route=%2Fwp%2Fv2%2Fcategories&post=6049"},{"taxonomy":"post_tag","embeddable":true,"href":"http:\/\/sfej.asso.fr\/index.php?rest_route=%2Fwp%2Fv2%2Ftags&post=6049"}],"curies":[{"name":"wp","href":"https:\/\/api.w.org\/{rel}","templated":true}]}}