{"id":6057,"date":"2024-03-01T11:34:20","date_gmt":"2024-03-01T10:34:20","guid":{"rendered":"http:\/\/sfej.asso.fr\/?p=6057"},"modified":"2024-03-01T11:38:54","modified_gmt":"2024-03-01T10:38:54","slug":"conferencesproductions-et-pratiques-culturelles-du-japon-contemporain-population-japonaise-crcao-ifrae-25-mars-2024-10h-12h30","status":"publish","type":"post","link":"http:\/\/sfej.asso.fr\/?p=6057","title":{"rendered":"[Conf\u00e9rences]\u00a0\u00bbMusique ambient et repr\u00e9sentations de l&rsquo;environnement urbain japonais\u00a0\u00bb, Population japonaise, CRCAO-IFRAE, 25 mars 2024, 10h-12h30"},"content":{"rendered":"\n<p>La prochaine s\u00e9ance du cycle de conf\u00e9rences 2023-2024 intitul\u00e9 \u00ab\u00a0<a href=\"http:\/\/www.inalco.fr\/evenement\/cycle-conferences-productions-pratiques-culturelles-japon-contemporain\/cultural-0\">Productions et pratiques culturelles du Japon contemporain<\/a>\u00a0\u00bb (Population japonaise, CRCAO-IFRAE) se d\u00e9roulera en ligne le <strong>lundi 25 mars 2024 de 10h \u00e0 12h30 (heure fran\u00e7aise).<\/strong><\/p>\n\n\n\n<p>Le r\u00e9sum\u00e9 est disponible ci-dessous.<\/p>\n\n\n\n<p>Pour participer, il vous suffit de vous inscrire <em><a href=\"https:\/\/docs.google.com\/forms\/d\/e\/1FAIpQLScLhYD6zlxCm92p3R5NsyCSl558StTVTn8XVfEIGqO3CG9W9w\/viewform\" data-type=\"link\" data-id=\"https:\/\/docs.google.com\/forms\/d\/e\/1FAIpQLScLhYD6zlxCm92p3R5NsyCSl558StTVTn8XVfEIGqO3CG9W9w\/viewform\">en cliquant sur ce lien<\/a><\/em>.<\/p>\n\n\n\n<p><strong>Musique ambient et repr\u00e9sentations de l\u2019environnement urbain japonais\/ Ambient music and representations of the Japanese urban environment<\/strong><\/p>\n\n\n\n<p><strong><br>Matthew James (School of Oriental and African Studies) :\u00a0<em>Toshi Kanky\u014d Ongaku: Visions of Nature in Urban Environmental Music<\/em><\/strong><br><em>R\u00e9sum\u00e9 :<\/em><br>During Japan&rsquo;s economic boom of the 1980s, a generation of composers explored visions of a future urbanism where ambient media might harmonise the sounds of the city with the everyday life of its citizens. Like the Metabolist movement had done with urban architecture, several Japanese ambient composers saw the natural world as a model for thinking about organicism within music. While some added field recordings to their compositions as a means of providing calm and sonic healing for a burnt-out urban workforce, others sought to model biological processes of flow and adaptation within their music. Using cutting-edge technology to explore the relationship between artificial and natural environments through sound, this work remains deeply relevant to an increasingly digitally mediated present. This talk will explore the different ways\u00a0<em>kanky\u014d ongaku<\/em>\u00a0composers engage with themes of nature and urban living.\u00a0<br><\/p>\n\n\n\n<p><strong>Kenjir\u00f4 Muramatsu (Universit\u00e9 Jean Moulin Lyon 3) :\u00a0\u00a0<em>Hosono Haruomi&rsquo;s turn to ambient music in the 1980s: \u00ab\u00a0Down to the earth\u00a0\u00bb from mise en ab\u00eeme to resetting the urban environment<\/em><\/strong><br><em>R\u00e9sum\u00e9 :\u00a0<\/em><br>Guided by religious anthropologist Nakazawa Shin&rsquo;ichi (1951-) as an intellectual companion, Hosono sought to deconstruct Tokyo&rsquo;s symbolic universe, which he had previously created as &lsquo;Technopolis&rsquo; with YMO (Yellow Magic Orchestra), and restore its vital and spiritual energy.<br>For the seminar, I will discuss the period when he turned towards ambient music and post-YMO. This includes some of his major autobiographical writings from around this turning point (1979, 1988, 2016), as well as some writings by Nakazawa, who had a decisive influence on the musician during this period (1983, 1985).<\/p>\n\n\n\n<p><strong><em><br><\/em>Discutant : Cyrian Pitteloud (Universit\u00e9 de Lille)<\/strong><\/p>\n","protected":false},"excerpt":{"rendered":"<p>La prochaine s\u00e9ance du cycle de conf\u00e9rences 2023-2024 intitul\u00e9 \u00ab\u00a0Productions et pratiques culturelles du Japon contemporain\u00a0\u00bb (Population japonaise, CRCAO-IFRAE) se d\u00e9roulera en ligne le lundi 25 mars 2024 de 10h \u00e0 12h30 (heure fran\u00e7aise). Le r\u00e9sum\u00e9 est disponible ci-dessous. Pour&hellip;&nbsp;<a href=\"http:\/\/sfej.asso.fr\/?p=6057\" class=\"more-link\">Lire la suite<\/a><\/p>\n","protected":false},"author":3,"featured_media":0,"comment_status":"closed","ping_status":"closed","sticky":false,"template":"","format":"standard","meta":{"_EventAllDay":false,"_EventTimezone":"","_EventStartDate":"","_EventEndDate":"","_EventStartDateUTC":"","_EventEndDateUTC":"","_EventShowMap":false,"_EventShowMapLink":false,"_EventURL":"","_EventCost":"","_EventCostDescription":"","_EventCurrencySymbol":"","_EventCurrencyCode":"","_EventCurrencyPosition":"","_EventDateTimeSeparator":"","_EventTimeRangeSeparator":"","_EventOrganizerID":[],"_EventVenueID":[],"_OrganizerEmail":"","_OrganizerPhone":"","_OrganizerWebsite":"","_VenueAddress":"","_VenueCity":"","_VenueCountry":"","_VenueProvince":"","_VenueState":"","_VenueZip":"","_VenuePhone":"","_VenueURL":"","_VenueStateProvince":"","_VenueLat":"","_VenueLng":"","_VenueShowMap":false,"_VenueShowMapLink":false,"footnotes":""},"categories":[28,31],"tags":[],"class_list":["post-6057","post","type-post","status-publish","format-standard","hentry","category-actualites","category-conference"],"_links":{"self":[{"href":"http:\/\/sfej.asso.fr\/index.php?rest_route=\/wp\/v2\/posts\/6057","targetHints":{"allow":["GET"]}}],"collection":[{"href":"http:\/\/sfej.asso.fr\/index.php?rest_route=\/wp\/v2\/posts"}],"about":[{"href":"http:\/\/sfej.asso.fr\/index.php?rest_route=\/wp\/v2\/types\/post"}],"author":[{"embeddable":true,"href":"http:\/\/sfej.asso.fr\/index.php?rest_route=\/wp\/v2\/users\/3"}],"replies":[{"embeddable":true,"href":"http:\/\/sfej.asso.fr\/index.php?rest_route=%2Fwp%2Fv2%2Fcomments&post=6057"}],"version-history":[{"count":2,"href":"http:\/\/sfej.asso.fr\/index.php?rest_route=\/wp\/v2\/posts\/6057\/revisions"}],"predecessor-version":[{"id":6061,"href":"http:\/\/sfej.asso.fr\/index.php?rest_route=\/wp\/v2\/posts\/6057\/revisions\/6061"}],"wp:attachment":[{"href":"http:\/\/sfej.asso.fr\/index.php?rest_route=%2Fwp%2Fv2%2Fmedia&parent=6057"}],"wp:term":[{"taxonomy":"category","embeddable":true,"href":"http:\/\/sfej.asso.fr\/index.php?rest_route=%2Fwp%2Fv2%2Fcategories&post=6057"},{"taxonomy":"post_tag","embeddable":true,"href":"http:\/\/sfej.asso.fr\/index.php?rest_route=%2Fwp%2Fv2%2Ftags&post=6057"}],"curies":[{"name":"wp","href":"https:\/\/api.w.org\/{rel}","templated":true}]}}