{"id":6518,"date":"2024-06-23T07:57:14","date_gmt":"2024-06-23T05:57:14","guid":{"rendered":"http:\/\/sfej.asso.fr\/?p=6518"},"modified":"2024-06-23T08:00:46","modified_gmt":"2024-06-23T06:00:46","slug":"appel-a-communicationslheritage-de-laffaire-aum-a-la-societe-japonaise-30-ans-apres-les-attentats-au-gaz-sarin-du-metro-de-tokyo-envoi-avant-le-30-septembre-2024","status":"publish","type":"post","link":"http:\/\/sfej.asso.fr\/?p=6518","title":{"rendered":"[Appel \u00e0 communications]\u00a0\u00bbL&rsquo;h\u00e9ritage de l&rsquo;affaire Aum \u00e0 la soci\u00e9t\u00e9 japonaise : 30 ans apr\u00e8s les attentats au gaz sarin du m\u00e9tro de Tokyo\u00a0\u00bb, envoi avant le 30 septembre 2024"},"content":{"rendered":"\n<p>Cet appel \u00e0 communications est lanc\u00e9 en vue d&rsquo;un colloque qui sera organis\u00e9 jeudi 20 mars 2025 \u00e0 Paris \u00e0 l&rsquo;occasion du trentenaire de l&rsquo;affaire Aum : <\/p>\n\n\n\n<h3 class=\"wp-block-heading has-text-align-center\">\u00ab\u00a0L&rsquo;h\u00e9ritage de l&rsquo;affaire Aum \u00e0 la soci\u00e9t\u00e9 japonaise : 30 ans apr\u00e8s les attentats au gaz sarin du m\u00e9tro de Tokyo\u00a0\u00bb<\/h3>\n\n\n\n<h3 class=\"wp-block-heading\">Argumentaire <\/h3>\n\n\n\n<p>L\u2019affaire Aum (\u30aa\u30a6\u30e0\u4e8b\u4ef6) constitue un des \u00e9v\u00e9nements majeurs qui frappent la soci\u00e9t\u00e9 japonaise des ann\u00e9es 1990. Son retentissement est perceptible dans de nombreux domaines : le religieux bien s\u00fbr, mais aussi le droit, la culture, les m\u00e9dias, la litt\u00e9rature, la politique ou encore les questions de s\u00e9curit\u00e9.&nbsp;<\/p>\n\n\n\n<p>Trente ans apr\u00e8s les attentats au gaz sarin du 20 mars 1995, point culminant de la \u201cd\u00e9cennie Aum\u201d, que reste-t-il de l\u2019h\u00e9ritage que le nouveau mouvement religieux laisse au Japon ? C\u2019est \u00e0 ce th\u00e8me volontairement g\u00e9n\u00e9ral que nous souhaitons consacrer une journ\u00e9e d\u2019\u00e9tude dont l\u2019objectif sera de r\u00e9fl\u00e9chir \u00e0 la fa\u00e7on dont les diff\u00e9rents \u00e9pisodes qui ont marqu\u00e9 les ann\u00e9es Aum continuent d\u2019influencer divers aspects de la soci\u00e9t\u00e9.&nbsp;<\/p>\n\n\n\n<p>Cette journ\u00e9e d\u2019\u00e9tude se veut transdisciplinaire, les communications attendues pourront de fait s\u2019inscrire dans des domaines vari\u00e9s (litt\u00e9rature, droit, anthropologie, \u00e9tudes cin\u00e9matographiques, sociologie, sciences religieuses). Chaque communication, d\u2019une dur\u00e9e de 20 minutes, sera suivie d\u2019un temps de discussion.<\/p>\n\n\n\n<h3 class=\"wp-block-heading\">Calendrier pr\u00e9visionnel<\/h3>\n\n\n\n<ul class=\"wp-block-list\">\n<li>30 septembre 2024 : envoi des propositions de communication (aux adresses mail des organisateurs); proposition de titre \/ nom et affiliation de l&rsquo;auteur \/ r\u00e9sum\u00e9 (en fran\u00e7ais, anglais ou japonais) d&rsquo;une dizaine de lignes<\/li>\n\n\n\n<li>15 octobre 2024 : r\u00e9ponse du comit\u00e9 d&rsquo;organisation<\/li>\n\n\n\n<li>20 mars 2024 : journ\u00e9e d&rsquo;\u00e9tude<\/li>\n<\/ul>\n\n\n\n<h3 class=\"wp-block-heading\">Organisation<\/h3>\n\n\n\n<ul class=\"wp-block-list\">\n<li><a href=\"mailto:cesar.castellvi@u-paris.fr\" data-type=\"mailto\" data-id=\"mailto:cesar.castellvi@u-paris.fr\" target=\"_blank\" rel=\"noreferrer noopener\">C\u00e9sar Castellvi <\/a>(Universit\u00e9 Paris Cit\u00e9 &#8211; CRCAO)<\/li>\n\n\n\n<li><a href=\"mailto:edouard.lherisson@inalco.fr\" data-type=\"link\" data-id=\"edouard.lherisson@inalco.fr\" target=\"_blank\" rel=\"noreferrer noopener\">\u00c9douard L&rsquo;H\u00e9risson<\/a> (Inalco &#8211; IFRAE)<\/li>\n<\/ul>\n\n\n\n<p>Un clic sur le nom de chaque organisateur vous permet d&rsquo;acc\u00e9der \u00e0 son adresse mail.<\/p>\n","protected":false},"excerpt":{"rendered":"<p>Cet appel \u00e0 communications est lanc\u00e9 en vue d&rsquo;un colloque qui sera organis\u00e9 jeudi 20 mars 2025 \u00e0 Paris \u00e0 l&rsquo;occasion du trentenaire de l&rsquo;affaire Aum : \u00ab\u00a0L&rsquo;h\u00e9ritage de l&rsquo;affaire Aum \u00e0 la soci\u00e9t\u00e9 japonaise : 30 ans apr\u00e8s les&hellip;&nbsp;<a href=\"http:\/\/sfej.asso.fr\/?p=6518\" class=\"more-link\">Lire la suite<\/a><\/p>\n","protected":false},"author":3,"featured_media":0,"comment_status":"closed","ping_status":"closed","sticky":false,"template":"","format":"standard","meta":{"_EventAllDay":false,"_EventTimezone":"","_EventStartDate":"","_EventEndDate":"","_EventStartDateUTC":"","_EventEndDateUTC":"","_EventShowMap":false,"_EventShowMapLink":false,"_EventURL":"","_EventCost":"","_EventCostDescription":"","_EventCurrencySymbol":"","_EventCurrencyCode":"","_EventCurrencyPosition":"","_EventDateTimeSeparator":"","_EventTimeRangeSeparator":"","_EventOrganizerID":[],"_EventVenueID":[],"_OrganizerEmail":"","_OrganizerPhone":"","_OrganizerWebsite":"","_VenueAddress":"","_VenueCity":"","_VenueCountry":"","_VenueProvince":"","_VenueState":"","_VenueZip":"","_VenuePhone":"","_VenueURL":"","_VenueStateProvince":"","_VenueLat":"","_VenueLng":"","_VenueShowMap":false,"_VenueShowMapLink":false,"footnotes":""},"categories":[28,29],"tags":[],"class_list":["post-6518","post","type-post","status-publish","format-standard","hentry","category-actualites","category-appel"],"_links":{"self":[{"href":"http:\/\/sfej.asso.fr\/index.php?rest_route=\/wp\/v2\/posts\/6518","targetHints":{"allow":["GET"]}}],"collection":[{"href":"http:\/\/sfej.asso.fr\/index.php?rest_route=\/wp\/v2\/posts"}],"about":[{"href":"http:\/\/sfej.asso.fr\/index.php?rest_route=\/wp\/v2\/types\/post"}],"author":[{"embeddable":true,"href":"http:\/\/sfej.asso.fr\/index.php?rest_route=\/wp\/v2\/users\/3"}],"replies":[{"embeddable":true,"href":"http:\/\/sfej.asso.fr\/index.php?rest_route=%2Fwp%2Fv2%2Fcomments&post=6518"}],"version-history":[{"count":4,"href":"http:\/\/sfej.asso.fr\/index.php?rest_route=\/wp\/v2\/posts\/6518\/revisions"}],"predecessor-version":[{"id":6525,"href":"http:\/\/sfej.asso.fr\/index.php?rest_route=\/wp\/v2\/posts\/6518\/revisions\/6525"}],"wp:attachment":[{"href":"http:\/\/sfej.asso.fr\/index.php?rest_route=%2Fwp%2Fv2%2Fmedia&parent=6518"}],"wp:term":[{"taxonomy":"category","embeddable":true,"href":"http:\/\/sfej.asso.fr\/index.php?rest_route=%2Fwp%2Fv2%2Fcategories&post=6518"},{"taxonomy":"post_tag","embeddable":true,"href":"http:\/\/sfej.asso.fr\/index.php?rest_route=%2Fwp%2Fv2%2Ftags&post=6518"}],"curies":[{"name":"wp","href":"https:\/\/api.w.org\/{rel}","templated":true}]}}