{"id":6641,"date":"2024-09-06T17:00:37","date_gmt":"2024-09-06T15:00:37","guid":{"rendered":"http:\/\/sfej.asso.fr\/?p=6641"},"modified":"2024-09-06T17:00:38","modified_gmt":"2024-09-06T15:00:38","slug":"appel-a-communications-8e-edition-de-ladej-13-decembre-2024-date-limite-10-octobre-2024","status":"publish","type":"post","link":"http:\/\/sfej.asso.fr\/?p=6641","title":{"rendered":"[Appel \u00e0 communications] 8e \u00e9dition de l&rsquo;ADEJ, 13 d\u00e9cembre 2024, date limite 10 octobre 2024"},"content":{"rendered":"\n<p>Nous avons le plaisir de vous communiquer l\u2019appel \u00e0 communications en vue du <strong>huiti\u00e8me Atelier Doctoral des \u00c9tudes Japonaises de la SFEJ<\/strong>. Il est ouvert aux doctorants et doctorantes en \u00e9tudes japonaises et aura lieu \u00e0 l\u2019Inalco le <strong>13 d\u00e9cembre 2024<\/strong>.<\/p>\n\n\n\n<p>Dur\u00e9e de chaque communication : 20 minutes<br>Discussion : 10 minutes<br>Langues de travail : fran\u00e7ais<br>Conditions de participation : pr\u00e9parer un doctorat en fran\u00e7ais dans le domaine des \u00e9tudes japonaises et \u00eatre membre de la SFEJ le jour de l&rsquo;ADEJ (l&rsquo;adh\u00e9sion est possible sur place). Merci de pr\u00e9ciser les modalit\u00e9s souhait\u00e9es de votre participation, sur place ou en ligne. <\/p>\n\n\n\n<p>Les doctorants en \u00e9tudes japonaises sont vivement invit\u00e9s \u00e0 pr\u00e9senter une communication \u00e0 l&rsquo;occasion de cet \u00e9v\u00e9nement ayant lieu tous les deux ans. L&rsquo;atelier constitue un espace d&rsquo;\u00e9changes permettant aux participants de pr\u00e9senter leur travail \u00e0 des chercheurs confirm\u00e9s tout en favorisant la mise en place de r\u00e9seaux de recherche. Si votre laboratoire de rattachement ou l&rsquo;\u00e9cole doctorale ne peuvent prendre en charge vos frais de d\u00e9placement, vous pouvez effectuer une demande aupr\u00e8s de la SFEJ. En cas d&rsquo;impossibilit\u00e9 de vous rendre sur place ou de s\u00e9jour \u00e0 l&rsquo;\u00e9tranger, les interventions en ligne sont \u00e9galement accept\u00e9es. <br><br>Les personnes int\u00e9ress\u00e9es sont invit\u00e9es \u00e0 envoyer les pi\u00e8ces demand\u00e9es <strong><span style=\"text-decoration: underline;\">avant le 10 octobre 2024<\/span><\/strong> \u00e0&nbsp;l\u2019adresse&nbsp;suivante&nbsp;:&nbsp;<a href=\"mailto:organisation.adej2024@gmail.com\" target=\"_blank\" rel=\"noreferrer noopener\">organisation.adej2024@gmail.com<\/a><\/p>\n\n\n\n<p><strong><em><a href=\"http:\/\/sfej.asso.fr\/wp-content\/uploads\/2024\/09\/Appel-a-communications-ADEJ-2024.pdf\" data-type=\"link\" data-id=\"http:\/\/sfej.asso.fr\/wp-content\/uploads\/2024\/09\/Appel-a-communications-ADEJ-2024.pdf\">Appel \u00e0 communications \u00e0 t\u00e9l\u00e9charger<\/a><\/em><\/strong><\/p>\n\n\n\n<p><strong>\u00c9l\u00e9ments \u00e0 joindre \u00e0 la candidature :<\/strong><\/p>\n\n\n\n<ul class=\"wp-block-list\">\n<li>un court r\u00e9sum\u00e9 de la pr\u00e9sentation (1000 signes espaces compris)<\/li>\n\n\n\n<li>un CV universitaire pr\u00e9cisant l&rsquo;appartenance&nbsp;&nbsp;institutionnelle,&nbsp;&nbsp;le&nbsp;&nbsp;nom de&nbsp;&nbsp;votre directeur ou directrice de th\u00e8se, votre domaine de recherche, le titre de votre th\u00e8se, votre ann\u00e9e de doctorat, ainsi que votre formation et votre champ disciplinaire.<\/li>\n<\/ul>\n\n\n\n<p><strong>ORGANISATION<\/strong>&nbsp;:&nbsp;Romina Bartocci (IFRAE, Inalco) et Romain Lebailly (Sirice, Paris-1 Panth\u00e9on-Sorbonne)<\/p>\n","protected":false},"excerpt":{"rendered":"<p>Nous avons le plaisir de vous communiquer l\u2019appel \u00e0 communications en vue du huiti\u00e8me Atelier Doctoral des \u00c9tudes Japonaises de la SFEJ. Il est ouvert aux doctorants et doctorantes en \u00e9tudes japonaises et aura lieu \u00e0 l\u2019Inalco le 13 d\u00e9cembre&hellip;&nbsp;<a href=\"http:\/\/sfej.asso.fr\/?p=6641\" class=\"more-link\">Lire la suite<\/a><\/p>\n","protected":false},"author":3,"featured_media":0,"comment_status":"closed","ping_status":"closed","sticky":false,"template":"","format":"standard","meta":{"_EventAllDay":false,"_EventTimezone":"","_EventStartDate":"","_EventEndDate":"","_EventStartDateUTC":"","_EventEndDateUTC":"","_EventShowMap":false,"_EventShowMapLink":false,"_EventURL":"","_EventCost":"","_EventCostDescription":"","_EventCurrencySymbol":"","_EventCurrencyCode":"","_EventCurrencyPosition":"","_EventDateTimeSeparator":"","_EventTimeRangeSeparator":"","_EventOrganizerID":[],"_EventVenueID":[],"_OrganizerEmail":"","_OrganizerPhone":"","_OrganizerWebsite":"","_VenueAddress":"","_VenueCity":"","_VenueCountry":"","_VenueProvince":"","_VenueState":"","_VenueZip":"","_VenuePhone":"","_VenueURL":"","_VenueStateProvince":"","_VenueLat":"","_VenueLng":"","_VenueShowMap":false,"_VenueShowMapLink":false,"footnotes":""},"categories":[28,29],"tags":[],"class_list":["post-6641","post","type-post","status-publish","format-standard","hentry","category-actualites","category-appel"],"_links":{"self":[{"href":"http:\/\/sfej.asso.fr\/index.php?rest_route=\/wp\/v2\/posts\/6641","targetHints":{"allow":["GET"]}}],"collection":[{"href":"http:\/\/sfej.asso.fr\/index.php?rest_route=\/wp\/v2\/posts"}],"about":[{"href":"http:\/\/sfej.asso.fr\/index.php?rest_route=\/wp\/v2\/types\/post"}],"author":[{"embeddable":true,"href":"http:\/\/sfej.asso.fr\/index.php?rest_route=\/wp\/v2\/users\/3"}],"replies":[{"embeddable":true,"href":"http:\/\/sfej.asso.fr\/index.php?rest_route=%2Fwp%2Fv2%2Fcomments&post=6641"}],"version-history":[{"count":2,"href":"http:\/\/sfej.asso.fr\/index.php?rest_route=\/wp\/v2\/posts\/6641\/revisions"}],"predecessor-version":[{"id":6645,"href":"http:\/\/sfej.asso.fr\/index.php?rest_route=\/wp\/v2\/posts\/6641\/revisions\/6645"}],"wp:attachment":[{"href":"http:\/\/sfej.asso.fr\/index.php?rest_route=%2Fwp%2Fv2%2Fmedia&parent=6641"}],"wp:term":[{"taxonomy":"category","embeddable":true,"href":"http:\/\/sfej.asso.fr\/index.php?rest_route=%2Fwp%2Fv2%2Fcategories&post=6641"},{"taxonomy":"post_tag","embeddable":true,"href":"http:\/\/sfej.asso.fr\/index.php?rest_route=%2Fwp%2Fv2%2Ftags&post=6641"}],"curies":[{"name":"wp","href":"https:\/\/api.w.org\/{rel}","templated":true}]}}