{"id":6657,"date":"2024-09-07T09:43:50","date_gmt":"2024-09-07T07:43:50","guid":{"rendered":"http:\/\/sfej.asso.fr\/?p=6657"},"modified":"2024-09-07T09:43:51","modified_gmt":"2024-09-07T07:43:51","slug":"appel-a-communications-journee-francophone-de-la-recherche-a-tokyo-organisee-le-1er-novembre-2024","status":"publish","type":"post","link":"http:\/\/sfej.asso.fr\/?p=6657","title":{"rendered":"[Appel \u00e0 communications] Journ\u00e9e francophone de la recherche \u00e0 Tokyo organis\u00e9e le 1er novembre 2024"},"content":{"rendered":"\n<p><a rel=\"noreferrer noopener\" target=\"_blank\" href=\"https:\/\/www.sciencescope.org\/\"><strong>Sciencescope<\/strong><\/a>&nbsp;\u2013 l\u2019Association des \u00e9tudiants et chercheurs francophones au Japon, l\u2019<a rel=\"noreferrer noopener\" target=\"_blank\" href=\"https:\/\/jp.ambafrance.org\/\"><strong>Ambassade de France au Japon<\/strong><\/a>&nbsp;(SST et SC\/IFJ), le&nbsp;<a rel=\"noreferrer noopener\" target=\"_blank\" href=\"https:\/\/tokyo.cnrs.fr\/\"><strong>Bureau de Tokyo du CNRS<\/strong><\/a>&nbsp;Asie du Nord-Est et l\u2019<a rel=\"noreferrer noopener\" target=\"_blank\" href=\"https:\/\/www.mfj.gr.jp\/index.php\"><strong>Institut Fran\u00e7ais de Recherche sur le Japon<\/strong><\/a>&nbsp;(MFJ-IFRJ, UMIFRE 19 MEAE-CNRS) organisent la&nbsp;<a href=\"https:\/\/www.sciencescope.org\/jfr-2024-journee-francophone-de-la-recherche-1er-novembre-2024\/\"><strong>Journ\u00e9e Francophone de la Recherche&nbsp;2024&nbsp;<\/strong>(JFR&nbsp;2024)<\/a>&nbsp;le&nbsp;<strong>vendredi 1er novembre&nbsp;2024<\/strong>&nbsp;\u00e0 la&nbsp;<strong>Maison franco-japonaise<\/strong>(MFJ), Tokyo.&nbsp;<strong>Format hybride<\/strong>, l\u2019\u00e9v\u00e8nement sera simultan\u00e9ment retransmis sur&nbsp;<strong>Zoom<\/strong>.<\/p>\n\n\n\n<p>Depuis 1997, cette rencontre annuelle r\u00e9unit la communaut\u00e9 de chercheurs et \u00e9tudiants francophones \u00e9tablis au Japon,&nbsp;<strong>toutes disciplines et toutes nationalit\u00e9s confondues<\/strong>. L\u2019objectif de la&nbsp;JFR&nbsp;est de permettre aux chercheurs, \u00e9tudiants, doctorants, ing\u00e9nieurs, institutionnels, repr\u00e9sentants d\u2019entreprise ou toutes personnes int\u00e9ress\u00e9es de se rencontrer et d\u2019\u00e9changer sur leurs activit\u00e9s au Japon.<\/p>\n\n\n\n<p>La participation est&nbsp;<strong>libre, gratuite, ouverte et accessible<\/strong>&nbsp;\u00e0 tous, mais&nbsp;<a rel=\"noreferrer noopener\" target=\"_blank\" href=\"https:\/\/us02web.zoom.us\/meeting\/register\/tZIpd--oqD8iGtbG2P4QWg_G56aHmpA-a5hU#\/registration\"><strong>l\u2019inscription est&nbsp;obligatoire<\/strong><\/a>&nbsp;via notre&nbsp;<strong><a rel=\"noreferrer noopener\" target=\"_blank\" href=\"https:\/\/us02web.zoom.us\/meeting\/register\/tZIpd--oqD8iGtbG2P4QWg_G56aHmpA-a5hU\">formulaire en ligne<\/a><\/strong>.&nbsp;<br>\u2013 Les inscriptions pour les&nbsp;<strong>intervenants&nbsp;<\/strong>(propositions d\u2019expos\u00e9\/flash-talk\/poster) sont ouvertes jusqu\u2019au&nbsp;<strong>vendredi 20 septembre&nbsp;2024<\/strong>.<br>\u2013 Les inscriptions&nbsp;pour les&nbsp;<strong>auditeurs&nbsp;<\/strong>sont ouvertes jusqu\u2019au&nbsp;<strong>mercredi 30 octobre&nbsp;2024<\/strong>.<\/p>\n\n\n\n<p>Cette ann\u00e9e, la&nbsp;<strong>JFR&nbsp;f\u00eatera les 50 ans de coop\u00e9rations scientifiques franco-japonaises<\/strong>&nbsp;avec les pr\u00e9sentations orales dans l\u2019auditorium et des posters dans la galerie de la Maison franco-japonaise. Nous vous attendons donc nombreux pour c\u00e9l\u00e9brer cet anniversaire.<\/p>\n","protected":false},"excerpt":{"rendered":"<p>Sciencescope&nbsp;\u2013 l\u2019Association des \u00e9tudiants et chercheurs francophones au Japon, l\u2019Ambassade de France au Japon&nbsp;(SST et SC\/IFJ), le&nbsp;Bureau de Tokyo du CNRS&nbsp;Asie du Nord-Est et l\u2019Institut Fran\u00e7ais de Recherche sur le Japon&nbsp;(MFJ-IFRJ, UMIFRE 19 MEAE-CNRS) organisent la&nbsp;Journ\u00e9e Francophone de la Recherche&nbsp;2024&nbsp;(JFR&nbsp;2024)&nbsp;le&nbsp;vendredi&hellip;&nbsp;<a href=\"http:\/\/sfej.asso.fr\/?p=6657\" class=\"more-link\">Lire la suite<\/a><\/p>\n","protected":false},"author":3,"featured_media":0,"comment_status":"closed","ping_status":"closed","sticky":false,"template":"","format":"standard","meta":{"_EventAllDay":false,"_EventTimezone":"","_EventStartDate":"","_EventEndDate":"","_EventStartDateUTC":"","_EventEndDateUTC":"","_EventShowMap":false,"_EventShowMapLink":false,"_EventURL":"","_EventCost":"","_EventCostDescription":"","_EventCurrencySymbol":"","_EventCurrencyCode":"","_EventCurrencyPosition":"","_EventDateTimeSeparator":"","_EventTimeRangeSeparator":"","_EventOrganizerID":[],"_EventVenueID":[],"_OrganizerEmail":"","_OrganizerPhone":"","_OrganizerWebsite":"","_VenueAddress":"","_VenueCity":"","_VenueCountry":"","_VenueProvince":"","_VenueState":"","_VenueZip":"","_VenuePhone":"","_VenueURL":"","_VenueStateProvince":"","_VenueLat":"","_VenueLng":"","_VenueShowMap":false,"_VenueShowMapLink":false,"footnotes":""},"categories":[28,29],"tags":[],"class_list":["post-6657","post","type-post","status-publish","format-standard","hentry","category-actualites","category-appel"],"_links":{"self":[{"href":"http:\/\/sfej.asso.fr\/index.php?rest_route=\/wp\/v2\/posts\/6657","targetHints":{"allow":["GET"]}}],"collection":[{"href":"http:\/\/sfej.asso.fr\/index.php?rest_route=\/wp\/v2\/posts"}],"about":[{"href":"http:\/\/sfej.asso.fr\/index.php?rest_route=\/wp\/v2\/types\/post"}],"author":[{"embeddable":true,"href":"http:\/\/sfej.asso.fr\/index.php?rest_route=\/wp\/v2\/users\/3"}],"replies":[{"embeddable":true,"href":"http:\/\/sfej.asso.fr\/index.php?rest_route=%2Fwp%2Fv2%2Fcomments&post=6657"}],"version-history":[{"count":1,"href":"http:\/\/sfej.asso.fr\/index.php?rest_route=\/wp\/v2\/posts\/6657\/revisions"}],"predecessor-version":[{"id":6658,"href":"http:\/\/sfej.asso.fr\/index.php?rest_route=\/wp\/v2\/posts\/6657\/revisions\/6658"}],"wp:attachment":[{"href":"http:\/\/sfej.asso.fr\/index.php?rest_route=%2Fwp%2Fv2%2Fmedia&parent=6657"}],"wp:term":[{"taxonomy":"category","embeddable":true,"href":"http:\/\/sfej.asso.fr\/index.php?rest_route=%2Fwp%2Fv2%2Fcategories&post=6657"},{"taxonomy":"post_tag","embeddable":true,"href":"http:\/\/sfej.asso.fr\/index.php?rest_route=%2Fwp%2Fv2%2Ftags&post=6657"}],"curies":[{"name":"wp","href":"https:\/\/api.w.org\/{rel}","templated":true}]}}