{"id":7004,"date":"2024-12-10T14:11:43","date_gmt":"2024-12-10T13:11:43","guid":{"rendered":"http:\/\/sfej.asso.fr\/?p=7004"},"modified":"2024-12-10T14:12:10","modified_gmt":"2024-12-10T13:12:10","slug":"recrutement-secretaire-dedition-mi-temps-ifrj-mfj-tokyo-depot-des-candidatures-15-janvier-2025","status":"publish","type":"post","link":"http:\/\/sfej.asso.fr\/?p=7004","title":{"rendered":"[Recrutement] Secr\u00e9taire d&rsquo;\u00e9dition, mi-temps, IFRJ-MFJ, Tokyo, d\u00e9p\u00f4t des candidatures 15 janvier 2025"},"content":{"rendered":"\n<p>L&rsquo;Institut Fran\u00e7ais de Recherche sur le Japon \u00e0 la Maison Franco-Japonaise (Ebisu, Tokyo) recrute un-e <strong>secr\u00e9taire d&rsquo;\u00e9dition sur un poste \u00e0 mi-temps <\/strong>(18h\/semaine) en pr\u00e9sentiel,\u00a0recrut\u00e9-e en droit local (la personne doit avoir un visa longue dur\u00e9e valide l&rsquo;autorisant \u00e0 vivre et travailler au Japon).\u00a0<\/p>\n\n\n\n<p>La t\u00e2che principale se rapporte \u00e0 l&rsquo;\u00e9dition de la revue scientifique francophone EBISU &#8211; REVUE D&rsquo;ETUDES JAPONAISES publi\u00e9e par l&rsquo;Institut (relations avec les auteurs, mise en page, corrections, etc). Le ou la secr\u00e9taire d&rsquo;\u00e9dition g\u00e8rera aussi l&rsquo;\u00e9dition du programme et pourra \u00eatre sollicit\u00e9.e pour d&rsquo;autres travaux d&rsquo;\u00e9dition ou des traductions (du japonais vers le fran\u00e7ais) en fonction des besoins.\u00a0La personne recrut\u00e9e aura un excellent niveau de fran\u00e7ais et de japonais (niveau Fran\u00e7ais natif), et une ma\u00eetrise des outils informatiques de traitement et d&rsquo;\u00e9dition de texte et de mise en page (Indesign et\/ou \u00e9quivalents).<br>Poste \u00e0 pourvoir d\u00e9but 2025. <em><a href=\"http:\/\/sfej.asso.fr\/wp-content\/uploads\/2024\/12\/recrutement_fr.pdf\" data-type=\"link\" data-id=\"http:\/\/sfej.asso.fr\/wp-content\/uploads\/2024\/12\/recrutement_fr.pdf\">Fiche de poste \u00e0 t\u00e9l\u00e9charger sur ce lien<\/a><\/em>.<\/p>\n\n\n\n<p>Date limite de candidature : 15 janvier 2025.&nbsp;Faire parvenir CV et lettre de motivation par courrier \u00e0 l&rsquo;IFRJ (cf. fiche de poste). <\/p>\n\n\n\n<p>Pour tout renseignement&nbsp; :&nbsp;<a href=\"mailto:info@mfj.gr.jp\" target=\"_blank\" rel=\"noreferrer noopener\">info@mfj.gr.jp<\/a><br>Pr\u00e9sentation de l&rsquo;IFRJ: <a href=\"https:\/\/www.mfj.gr.jp\/index.php\">https:\/\/www.mfj.gr.jp\/index.php<\/a><\/p>\n","protected":false},"excerpt":{"rendered":"<p>L&rsquo;Institut Fran\u00e7ais de Recherche sur le Japon \u00e0 la Maison Franco-Japonaise (Ebisu, Tokyo) recrute un-e secr\u00e9taire d&rsquo;\u00e9dition sur un poste \u00e0 mi-temps (18h\/semaine) en pr\u00e9sentiel,\u00a0recrut\u00e9-e en droit local (la personne doit avoir un visa longue dur\u00e9e valide l&rsquo;autorisant \u00e0 vivre&hellip;&nbsp;<a href=\"http:\/\/sfej.asso.fr\/?p=7004\" class=\"more-link\">Lire la suite<\/a><\/p>\n","protected":false},"author":3,"featured_media":0,"comment_status":"closed","ping_status":"closed","sticky":false,"template":"","format":"standard","meta":{"_EventAllDay":false,"_EventTimezone":"","_EventStartDate":"","_EventEndDate":"","_EventStartDateUTC":"","_EventEndDateUTC":"","_EventShowMap":false,"_EventShowMapLink":false,"_EventURL":"","_EventCost":"","_EventCostDescription":"","_EventCurrencySymbol":"","_EventCurrencyCode":"","_EventCurrencyPosition":"","_EventDateTimeSeparator":"","_EventTimeRangeSeparator":"","_EventOrganizerID":[],"_EventVenueID":[],"_OrganizerEmail":"","_OrganizerPhone":"","_OrganizerWebsite":"","_VenueAddress":"","_VenueCity":"","_VenueCountry":"","_VenueProvince":"","_VenueState":"","_VenueZip":"","_VenuePhone":"","_VenueURL":"","_VenueStateProvince":"","_VenueLat":"","_VenueLng":"","_VenueShowMap":false,"_VenueShowMapLink":false,"footnotes":""},"categories":[28,33],"tags":[],"class_list":["post-7004","post","type-post","status-publish","format-standard","hentry","category-actualites","category-poste"],"_links":{"self":[{"href":"http:\/\/sfej.asso.fr\/index.php?rest_route=\/wp\/v2\/posts\/7004","targetHints":{"allow":["GET"]}}],"collection":[{"href":"http:\/\/sfej.asso.fr\/index.php?rest_route=\/wp\/v2\/posts"}],"about":[{"href":"http:\/\/sfej.asso.fr\/index.php?rest_route=\/wp\/v2\/types\/post"}],"author":[{"embeddable":true,"href":"http:\/\/sfej.asso.fr\/index.php?rest_route=\/wp\/v2\/users\/3"}],"replies":[{"embeddable":true,"href":"http:\/\/sfej.asso.fr\/index.php?rest_route=%2Fwp%2Fv2%2Fcomments&post=7004"}],"version-history":[{"count":3,"href":"http:\/\/sfej.asso.fr\/index.php?rest_route=\/wp\/v2\/posts\/7004\/revisions"}],"predecessor-version":[{"id":7009,"href":"http:\/\/sfej.asso.fr\/index.php?rest_route=\/wp\/v2\/posts\/7004\/revisions\/7009"}],"wp:attachment":[{"href":"http:\/\/sfej.asso.fr\/index.php?rest_route=%2Fwp%2Fv2%2Fmedia&parent=7004"}],"wp:term":[{"taxonomy":"category","embeddable":true,"href":"http:\/\/sfej.asso.fr\/index.php?rest_route=%2Fwp%2Fv2%2Fcategories&post=7004"},{"taxonomy":"post_tag","embeddable":true,"href":"http:\/\/sfej.asso.fr\/index.php?rest_route=%2Fwp%2Fv2%2Ftags&post=7004"}],"curies":[{"name":"wp","href":"https:\/\/api.w.org\/{rel}","templated":true}]}}