{"id":7197,"date":"2025-02-03T13:23:50","date_gmt":"2025-02-03T12:23:50","guid":{"rendered":"http:\/\/sfej.asso.fr\/?p=7197"},"modified":"2025-02-03T13:28:36","modified_gmt":"2025-02-03T12:28:36","slug":"recrutement-charge-de-cours-universite-libre-de-bruxelles-limite-depot-de-candidature-1er-mars-2025","status":"publish","type":"post","link":"http:\/\/sfej.asso.fr\/?p=7197","title":{"rendered":"[Recrutement] Charg\u00e9 de cours, Universit\u00e9 libre de Bruxelles, limite d\u00e9p\u00f4t de candidature 1er mars 2025"},"content":{"rendered":"\n<p><strong>Poste de charg\u00e9 de cours (= MCF en Belgique) temps plein en \u00e9tudes japonaise \u00e0 l\u2019ULB<\/strong><\/p>\n\n\n\n<p>L\u2019Universit\u00e9 libre de Bruxelles recrute un sp\u00e9cialiste en culture, soci\u00e9t\u00e9 et langue japonaises avec une expertise pouvant inclure la litt\u00e9rature, le cin\u00e9ma, les arts de la sc\u00e8ne, l\u2019art, la culture visuelle, la culture mat\u00e9rielle ou tout autre domaine des sciences humaines. Une perspective transasiatique (avec des connaissances sur d\u2019autres espaces d\u2019Asie de l\u2019est) ou une ouverture vers l\u2019Asie de l\u2019est en g\u00e9n\u00e9ral sont fortement souhait\u00e9es.<\/p>\n\n\n\n<p>R\u00e9f\u00e9rence de l&rsquo;annonce : 2025\/A043<br>Date limite du d\u00e9p\u00f4t des candidatures : 01\/03\/2025<br>Date d\u2019entr\u00e9e en fonction pr\u00e9vue le : 01\/10\/2025<\/p>\n\n\n\n<p><strong><em><a href=\"http:\/\/sfej.asso.fr\/wp-content\/uploads\/2025\/02\/8911.pdf\" data-type=\"link\" data-id=\"http:\/\/sfej.asso.fr\/wp-content\/uploads\/2025\/02\/8911.pdf\">Dossier \u00e0 t\u00e9l\u00e9charger sur ce lien.<\/a><\/em><\/strong><\/p>\n","protected":false},"excerpt":{"rendered":"<p>Poste de charg\u00e9 de cours (= MCF en Belgique) temps plein en \u00e9tudes japonaise \u00e0 l\u2019ULB L\u2019Universit\u00e9 libre de Bruxelles recrute un sp\u00e9cialiste en culture, soci\u00e9t\u00e9 et langue japonaises avec une expertise pouvant inclure la litt\u00e9rature, le cin\u00e9ma, les arts&hellip;&nbsp;<a href=\"http:\/\/sfej.asso.fr\/?p=7197\" class=\"more-link\">Lire la suite<\/a><\/p>\n","protected":false},"author":3,"featured_media":0,"comment_status":"closed","ping_status":"closed","sticky":false,"template":"","format":"standard","meta":{"_EventAllDay":false,"_EventTimezone":"","_EventStartDate":"","_EventEndDate":"","_EventStartDateUTC":"","_EventEndDateUTC":"","_EventShowMap":false,"_EventShowMapLink":false,"_EventURL":"","_EventCost":"","_EventCostDescription":"","_EventCurrencySymbol":"","_EventCurrencyCode":"","_EventCurrencyPosition":"","_EventDateTimeSeparator":"","_EventTimeRangeSeparator":"","_EventOrganizerID":[],"_EventVenueID":[],"_OrganizerEmail":"","_OrganizerPhone":"","_OrganizerWebsite":"","_VenueAddress":"","_VenueCity":"","_VenueCountry":"","_VenueProvince":"","_VenueState":"","_VenueZip":"","_VenuePhone":"","_VenueURL":"","_VenueStateProvince":"","_VenueLat":"","_VenueLng":"","_VenueShowMap":false,"_VenueShowMapLink":false,"footnotes":""},"categories":[28,33],"tags":[],"class_list":["post-7197","post","type-post","status-publish","format-standard","hentry","category-actualites","category-poste"],"_links":{"self":[{"href":"http:\/\/sfej.asso.fr\/index.php?rest_route=\/wp\/v2\/posts\/7197","targetHints":{"allow":["GET"]}}],"collection":[{"href":"http:\/\/sfej.asso.fr\/index.php?rest_route=\/wp\/v2\/posts"}],"about":[{"href":"http:\/\/sfej.asso.fr\/index.php?rest_route=\/wp\/v2\/types\/post"}],"author":[{"embeddable":true,"href":"http:\/\/sfej.asso.fr\/index.php?rest_route=\/wp\/v2\/users\/3"}],"replies":[{"embeddable":true,"href":"http:\/\/sfej.asso.fr\/index.php?rest_route=%2Fwp%2Fv2%2Fcomments&post=7197"}],"version-history":[{"count":5,"href":"http:\/\/sfej.asso.fr\/index.php?rest_route=\/wp\/v2\/posts\/7197\/revisions"}],"predecessor-version":[{"id":7205,"href":"http:\/\/sfej.asso.fr\/index.php?rest_route=\/wp\/v2\/posts\/7197\/revisions\/7205"}],"wp:attachment":[{"href":"http:\/\/sfej.asso.fr\/index.php?rest_route=%2Fwp%2Fv2%2Fmedia&parent=7197"}],"wp:term":[{"taxonomy":"category","embeddable":true,"href":"http:\/\/sfej.asso.fr\/index.php?rest_route=%2Fwp%2Fv2%2Fcategories&post=7197"},{"taxonomy":"post_tag","embeddable":true,"href":"http:\/\/sfej.asso.fr\/index.php?rest_route=%2Fwp%2Fv2%2Ftags&post=7197"}],"curies":[{"name":"wp","href":"https:\/\/api.w.org\/{rel}","templated":true}]}}