{"id":7253,"date":"2025-02-14T11:18:29","date_gmt":"2025-02-14T10:18:29","guid":{"rendered":"http:\/\/sfej.asso.fr\/?p=7253"},"modified":"2025-02-14T11:19:34","modified_gmt":"2025-02-14T10:19:34","slug":"appels-a-candidatures-ecole-francaise-dextreme-orient-efeo","status":"publish","type":"post","link":"http:\/\/sfej.asso.fr\/?p=7253","title":{"rendered":"[Appels \u00e0 candidatures] \u00c9cole fran\u00e7aise d&rsquo;Extr\u00eame-Orient &#8211; Allocations de terrain, contrat postdoctoral, accueil en d\u00e9l\u00e9gation"},"content":{"rendered":"\n<p>L&rsquo;\u00c9cole fran\u00e7aise d&rsquo;Extr\u00eame-Orient (EFEO) a le plaisir de vous informer de l&rsquo;ouverture de trois appels \u00e0 candidatures pour 2025 :<\/p>\n\n\n\n<p><strong><span style=\"text-decoration: underline;\">Allocations de terrain EFEO\u00a0<\/span><\/strong><\/p>\n\n\n\n<p>Ces allocations permettent aux \u00e9tudiants d\u2019effectuer un s\u00e9jour de recherche dans les Centres de l\u2019EFEO en Asie, d\u2019une dur\u00e9e de 1 \u00e0 6 mois. L&rsquo;\u00e9tudiant devra \u00eatre inscrit en Master II ou en doctorat, dans un cursus de recherche en sciences humaines et sociales portant sur les civilisations d&rsquo;Asie du Sud, du Sud-Est ou de l\u2019Est.<\/p>\n\n\n\n<p>Date limite de d\u00e9p\u00f4t des candidatures :&nbsp;<strong>31 mars 2025, 23h59<\/strong>&nbsp;(heure de Paris)<\/p>\n\n\n\n<p>D\u00e9part pr\u00e9vu entre le 1er juillet et le 31 d\u00e9cembre 2025.<\/p>\n\n\n\n<p>Tous les d\u00e9tails sont consultables sur la page suivante :&nbsp;<a href=\"https:\/\/www.efeo.fr\/base.php?code=150\">EFEO &#8211; Aide a la recherche &#8211; Conditions et proc\u00e9dures<\/a>.<\/p>\n\n\n\n<p><strong><span style=\"text-decoration: underline;\">Contrat postdoctoral EFEO 2025-2026<\/span><\/strong><\/p>\n\n\n\n<p>L&rsquo;EFEO propose un contrat postdoctoral de 12 mois, sans obligation de mobilit\u00e9. Les projets de recherche doivent relever des sciences humaines et sociales, en lien avec les civilisations des pays de l&rsquo;Asie indianis\u00e9e ou sinis\u00e9e,&nbsp;privil\u00e9giant les grands domaines de recherche de l&rsquo;EFEO.Les projets associant des centres et des chercheurs de l&rsquo;\u00c9cole fran\u00e7aise d&rsquo;Extr\u00eame-Orient sont encourag\u00e9s.<\/p>\n\n\n\n<p>La connaissance d\u2019une ou plusieurs langues asiatiques permettant de travailler sur les sources primaires sera appr\u00e9ci\u00e9e.<\/p>\n\n\n\n<p>Date limite de r\u00e9ception des candidatures :&nbsp;<strong>17 avril 2025, 18h<\/strong>&nbsp;(heure de Paris)<\/p>\n\n\n\n<p>Date de d\u00e9but du contrat : 1er septembre 2025<\/p>\n\n\n\n<p>Tous les d\u00e9tails sont consultables sur la page suivante :&nbsp;<a href=\"https:\/\/www.efeo.fr\/base.php?code=989\">EFEO &#8211; Aide a la recherche &#8211; Appel 2025<\/a>.&nbsp;<\/p>\n\n\n\n<p><strong><span style=\"text-decoration: underline;\">Accueil en d\u00e9l\u00e9gation EFEO 2025-2026<\/span><\/strong><\/p>\n\n\n\n<p>L&rsquo;EFEO accueille en d\u00e9l\u00e9gation un enseignant-chercheur d&rsquo;une universit\u00e9 fran\u00e7aise ou d\u2019un \u00e9tablissement public d\u2019enseignement sup\u00e9rieur et de recherche fran\u00e7ais. L\u2019objectif est de pr\u00e9parer et de d\u00e9poser un projet de r\u00e9ponse \u00e0 un appel \u00e0 projets (AAP) de type ERC, ANR ou autres, en partenariat avec l&rsquo;EFEO. Le projet devra s\u2019inscrire dans l&rsquo;un des axes de recherche scientifique de l&rsquo;\u00e9tablissement.<\/p>\n\n\n\n<p>Date limite de d\u00e9p\u00f4t des candidatures :&nbsp;<strong>28 avril 2025, 18h<\/strong>&nbsp;(heure de Paris)<\/p>\n\n\n\n<p>Date de d\u00e9but du contrat : 1er septembre 2025.&nbsp;<\/p>\n\n\n\n<p>Tous les d\u00e9tails sont consultables sur la page suivante :&nbsp;<a href=\"https:\/\/www.efeo.fr\/base.php?code=710\">EFEO &#8211; Accueil &#8211; Recrutement<\/a>.&nbsp;<\/p>\n","protected":false},"excerpt":{"rendered":"<p>L&rsquo;\u00c9cole fran\u00e7aise d&rsquo;Extr\u00eame-Orient (EFEO) a le plaisir de vous informer de l&rsquo;ouverture de trois appels \u00e0 candidatures pour 2025 : Allocations de terrain EFEO\u00a0 Ces allocations permettent aux \u00e9tudiants d\u2019effectuer un s\u00e9jour de recherche dans les Centres de l\u2019EFEO en&hellip;&nbsp;<a href=\"http:\/\/sfej.asso.fr\/?p=7253\" class=\"more-link\">Lire la suite<\/a><\/p>\n","protected":false},"author":3,"featured_media":0,"comment_status":"closed","ping_status":"closed","sticky":false,"template":"","format":"standard","meta":{"_EventAllDay":false,"_EventTimezone":"","_EventStartDate":"","_EventEndDate":"","_EventStartDateUTC":"","_EventEndDateUTC":"","_EventShowMap":false,"_EventShowMapLink":false,"_EventURL":"","_EventCost":"","_EventCostDescription":"","_EventCurrencySymbol":"","_EventCurrencyCode":"","_EventCurrencyPosition":"","_EventDateTimeSeparator":"","_EventTimeRangeSeparator":"","_EventOrganizerID":[],"_EventVenueID":[],"_OrganizerEmail":"","_OrganizerPhone":"","_OrganizerWebsite":"","_VenueAddress":"","_VenueCity":"","_VenueCountry":"","_VenueProvince":"","_VenueState":"","_VenueZip":"","_VenuePhone":"","_VenueURL":"","_VenueStateProvince":"","_VenueLat":"","_VenueLng":"","_VenueShowMap":false,"_VenueShowMapLink":false,"footnotes":""},"categories":[28,29,32,33],"tags":[],"class_list":["post-7253","post","type-post","status-publish","format-standard","hentry","category-actualites","category-appel","category-financement","category-poste"],"_links":{"self":[{"href":"http:\/\/sfej.asso.fr\/index.php?rest_route=\/wp\/v2\/posts\/7253","targetHints":{"allow":["GET"]}}],"collection":[{"href":"http:\/\/sfej.asso.fr\/index.php?rest_route=\/wp\/v2\/posts"}],"about":[{"href":"http:\/\/sfej.asso.fr\/index.php?rest_route=\/wp\/v2\/types\/post"}],"author":[{"embeddable":true,"href":"http:\/\/sfej.asso.fr\/index.php?rest_route=\/wp\/v2\/users\/3"}],"replies":[{"embeddable":true,"href":"http:\/\/sfej.asso.fr\/index.php?rest_route=%2Fwp%2Fv2%2Fcomments&post=7253"}],"version-history":[{"count":3,"href":"http:\/\/sfej.asso.fr\/index.php?rest_route=\/wp\/v2\/posts\/7253\/revisions"}],"predecessor-version":[{"id":7256,"href":"http:\/\/sfej.asso.fr\/index.php?rest_route=\/wp\/v2\/posts\/7253\/revisions\/7256"}],"wp:attachment":[{"href":"http:\/\/sfej.asso.fr\/index.php?rest_route=%2Fwp%2Fv2%2Fmedia&parent=7253"}],"wp:term":[{"taxonomy":"category","embeddable":true,"href":"http:\/\/sfej.asso.fr\/index.php?rest_route=%2Fwp%2Fv2%2Fcategories&post=7253"},{"taxonomy":"post_tag","embeddable":true,"href":"http:\/\/sfej.asso.fr\/index.php?rest_route=%2Fwp%2Fv2%2Ftags&post=7253"}],"curies":[{"name":"wp","href":"https:\/\/api.w.org\/{rel}","templated":true}]}}