{"id":7299,"date":"2025-03-03T23:59:56","date_gmt":"2025-03-03T22:59:56","guid":{"rendered":"http:\/\/sfej.asso.fr\/?p=7299"},"modified":"2025-03-03T23:59:57","modified_gmt":"2025-03-03T22:59:57","slug":"appel-dixieme-prix-de-these-okamatsu-sfej-2025-dossier-a-envoyer-avant-le-15-mai-2025","status":"publish","type":"post","link":"http:\/\/sfej.asso.fr\/?p=7299","title":{"rendered":"[Appel] Dixi\u00e8me Prix de th\u00e8se Okamatsu SFEJ 2025, dossier \u00e0 envoyer avant le 15 mai 2025"},"content":{"rendered":"\n<p><strong>Dixi\u00e8me Prix de th\u00e8se Okamatsu Yoshihisa<\/strong> <strong>de la Soci\u00e9t\u00e9 Fran\u00e7aise des \u00c9tudes Japonaises<\/strong><\/p>\n\n\n\n<p>La Soci\u00e9t\u00e9 Fran\u00e7aise des \u00c9tudes Japonaises (SFEJ) d\u00e9cernera en d\u00e9cembre 2025\u00a0le dixi\u00e8me Prix de th\u00e8se Okamatsu Yoshihisa r\u00e9compensant une th\u00e8se de doctorat soutenue au cours de l\u2019ann\u00e9e 2024. Le prix est dot\u00e9 d\u2019un montant de mille\u00a0cinq cent euros. Il est ouvert aux candidat.e.s de toutes nationalit\u00e9s.<\/p>\n\n\n\n<p><strong>Les conditions d\u2019\u00e9ligibilit\u00e9 sont les suivantes :<\/strong><\/p>\n\n\n\n<p>1.La th\u00e8se traite principalement du Japon. Il n\u2019existe aucune limitation&nbsp;portant sur la discipline.<\/p>\n\n\n\n<p>2.Une part importante de la bibliographie est compos\u00e9e de sources en&nbsp;langue japonaise.<\/p>\n\n\n\n<p>3.La th\u00e8se doit avoir \u00e9t\u00e9 r\u00e9dig\u00e9e en fran\u00e7ais dans une institution&nbsp;universitaire europ\u00e9enne.<\/p>\n\n\n\n<p>4.La th\u00e8se doit avoir \u00e9t\u00e9 soutenue&nbsp;<strong>entre le 1er janvier 2024 et le 31&nbsp;<\/strong><strong>d\u00e9cembre 2024<\/strong>.<\/p>\n\n\n\n<p>Le jury est compos\u00e9 de sp\u00e9cialistes choisi.e.s par le Conseil de la SFEJ en fonction&nbsp;des th\u00e8ses en comp\u00e9tition. Le vote final se d\u00e9roule \u00e0 bulletin secret. Le r\u00e9sultat&nbsp;des d\u00e9lib\u00e9rations sera annonc\u00e9 \u00e0 l\u2019occasion de l\u2019Assembl\u00e9e G\u00e9n\u00e9rale de&nbsp;l\u2019association qui se tiendra cette ann\u00e9e en d\u00e9cembre 2025 \u00e0 Bordeaux, lors du&nbsp;colloque biannuel.<\/p>\n\n\n\n<p>Le&nbsp;<strong>dossier de candidature<\/strong>&nbsp;complet doit \u00eatre envoy\u00e9 par voie \u00e9lectronique avant&nbsp;le&nbsp;<strong>15 mai 2025<\/strong>&nbsp;(heure de Paris) \u00e0 l\u2019adresse&nbsp;<strong><a href=\"mailto:secretariat@sfej.asso.fr\">secretariat@sfej.asso.fr<\/a><\/strong>. (Indiquez&nbsp;comme objet du mail : prix de th\u00e8se 2025). Vous recevrez un message attestant la&nbsp;bonne r\u00e9ception de votre candidature.<\/p>\n\n\n\n<p><strong>Les pi\u00e8ces \u00e0 fournir sont les suivantes :<\/strong><\/p>\n\n\n\n<p>1.Un exemplaire de la th\u00e8se au format PDF.<\/p>\n\n\n\n<p>2.Un r\u00e9sum\u00e9 de la th\u00e8se (5 pages maximum) avec 5 mots cl\u00e9s (discipline,<\/p>\n\n\n\n<p>etc.).<\/p>\n\n\n\n<p>3.Une copie du rapport de soutenance.<\/p>\n\n\n\n<p>4.Un curriculum vitae.<\/p>\n\n\n\n<p><strong>Veillez \u00e0 regrouper toutes les pi\u00e8ces attach\u00e9es en un seul dossier zipp\u00e9,&nbsp;<\/strong><strong>portant le nom du candidat (Ex : prixdethese2025.pr\u00e9nom.nom).<\/strong><\/p>\n\n\n\n<p>NB : Un exemplaire papier de la th\u00e8se pourra \u00eatre demand\u00e9 aux candidat.e.s retenu.e.s \u00e0 l\u2019issue de la pr\u00e9s\u00e9lection.<\/p>\n\n\n\n<p>Soci\u00e9t\u00e9 Fran\u00e7aise des \u00c9tudes Japonaises<br>C\/0 UFR LCAO<br>Case 7009<br>Universit\u00e9 Paris Cit\u00e9<br>5 rue Thomas Mann<br>75205 Paris cedex 13<br>France<\/p>\n","protected":false},"excerpt":{"rendered":"<p>Dixi\u00e8me Prix de th\u00e8se Okamatsu Yoshihisa de la Soci\u00e9t\u00e9 Fran\u00e7aise des \u00c9tudes Japonaises La Soci\u00e9t\u00e9 Fran\u00e7aise des \u00c9tudes Japonaises (SFEJ) d\u00e9cernera en d\u00e9cembre 2025\u00a0le dixi\u00e8me Prix de th\u00e8se Okamatsu Yoshihisa r\u00e9compensant une th\u00e8se de doctorat soutenue au cours de l\u2019ann\u00e9e&hellip;&nbsp;<a href=\"http:\/\/sfej.asso.fr\/?p=7299\" class=\"more-link\">Lire la suite<\/a><\/p>\n","protected":false},"author":3,"featured_media":0,"comment_status":"closed","ping_status":"closed","sticky":false,"template":"","format":"standard","meta":{"_EventAllDay":false,"_EventTimezone":"","_EventStartDate":"","_EventEndDate":"","_EventStartDateUTC":"","_EventEndDateUTC":"","_EventShowMap":false,"_EventShowMapLink":false,"_EventURL":"","_EventCost":"","_EventCostDescription":"","_EventCurrencySymbol":"","_EventCurrencyCode":"","_EventCurrencyPosition":"","_EventDateTimeSeparator":"","_EventTimeRangeSeparator":"","_EventOrganizerID":[],"_EventVenueID":[],"_OrganizerEmail":"","_OrganizerPhone":"","_OrganizerWebsite":"","_VenueAddress":"","_VenueCity":"","_VenueCountry":"","_VenueProvince":"","_VenueState":"","_VenueZip":"","_VenuePhone":"","_VenueURL":"","_VenueStateProvince":"","_VenueLat":"","_VenueLng":"","_VenueShowMap":false,"_VenueShowMapLink":false,"footnotes":""},"categories":[13,28,29,12],"tags":[],"class_list":["post-7299","post","type-post","status-publish","format-standard","hentry","category-activites","category-actualites","category-appel","category-sfej"],"_links":{"self":[{"href":"http:\/\/sfej.asso.fr\/index.php?rest_route=\/wp\/v2\/posts\/7299","targetHints":{"allow":["GET"]}}],"collection":[{"href":"http:\/\/sfej.asso.fr\/index.php?rest_route=\/wp\/v2\/posts"}],"about":[{"href":"http:\/\/sfej.asso.fr\/index.php?rest_route=\/wp\/v2\/types\/post"}],"author":[{"embeddable":true,"href":"http:\/\/sfej.asso.fr\/index.php?rest_route=\/wp\/v2\/users\/3"}],"replies":[{"embeddable":true,"href":"http:\/\/sfej.asso.fr\/index.php?rest_route=%2Fwp%2Fv2%2Fcomments&post=7299"}],"version-history":[{"count":1,"href":"http:\/\/sfej.asso.fr\/index.php?rest_route=\/wp\/v2\/posts\/7299\/revisions"}],"predecessor-version":[{"id":7300,"href":"http:\/\/sfej.asso.fr\/index.php?rest_route=\/wp\/v2\/posts\/7299\/revisions\/7300"}],"wp:attachment":[{"href":"http:\/\/sfej.asso.fr\/index.php?rest_route=%2Fwp%2Fv2%2Fmedia&parent=7299"}],"wp:term":[{"taxonomy":"category","embeddable":true,"href":"http:\/\/sfej.asso.fr\/index.php?rest_route=%2Fwp%2Fv2%2Fcategories&post=7299"},{"taxonomy":"post_tag","embeddable":true,"href":"http:\/\/sfej.asso.fr\/index.php?rest_route=%2Fwp%2Fv2%2Ftags&post=7299"}],"curies":[{"name":"wp","href":"https:\/\/api.w.org\/{rel}","templated":true}]}}