{"id":7301,"date":"2025-03-04T09:19:40","date_gmt":"2025-03-04T08:19:40","guid":{"rendered":"http:\/\/sfej.asso.fr\/?p=7301"},"modified":"2025-03-04T09:19:41","modified_gmt":"2025-03-04T08:19:41","slug":"colloque-le-droit-vecteur-de-la-f-francophonie-lexemple-du-japon-18-19-mars-2025-universite-de-meiji-japon","status":"publish","type":"post","link":"http:\/\/sfej.asso.fr\/?p=7301","title":{"rendered":"[Colloque] \u00ab\u00a0Le droit vecteur de la F\/francophonie : l&rsquo;exemple du Japon\u00a0\u00bb, 18 &amp; 19 mars 2025, Universit\u00e9 de Meiji, Japon"},"content":{"rendered":"\n<p>Colloque \u00ab\u00a0Le droit vecteur de la F\/francophonie : l\u2019exemple du Japon\u00a0\u00bb organis\u00e9 \u00e0 l&rsquo;occasion des 10 ans du r\u00e9seau Nihon-Europa les 18 et 19 mars 2025 sur le campus Surugadai de l&rsquo;universit\u00e9 Meiji. <em><a href=\"http:\/\/sfej.asso.fr\/wp-content\/uploads\/2025\/03\/Programme-definitif-integral-vers.7-France.pdf\" data-type=\"link\" data-id=\"http:\/\/sfej.asso.fr\/wp-content\/uploads\/2025\/03\/Programme-definitif-integral-vers.7-France.pdf\">Programme et contact \u00e0 t\u00e9l\u00e9charger sur ce lien.<\/a><\/em><\/p>\n","protected":false},"excerpt":{"rendered":"<p>Colloque \u00ab\u00a0Le droit vecteur de la F\/francophonie : l\u2019exemple du Japon\u00a0\u00bb organis\u00e9 \u00e0 l&rsquo;occasion des 10 ans du r\u00e9seau Nihon-Europa les 18 et 19 mars 2025 sur le campus Surugadai de l&rsquo;universit\u00e9 Meiji. Programme et contact \u00e0 t\u00e9l\u00e9charger sur ce&hellip;&nbsp;<a href=\"http:\/\/sfej.asso.fr\/?p=7301\" class=\"more-link\">Lire la suite<\/a><\/p>\n","protected":false},"author":3,"featured_media":0,"comment_status":"closed","ping_status":"closed","sticky":false,"template":"","format":"standard","meta":{"_EventAllDay":false,"_EventTimezone":"","_EventStartDate":"","_EventEndDate":"","_EventStartDateUTC":"","_EventEndDateUTC":"","_EventShowMap":false,"_EventShowMapLink":false,"_EventURL":"","_EventCost":"","_EventCostDescription":"","_EventCurrencySymbol":"","_EventCurrencyCode":"","_EventCurrencyPosition":"","_EventDateTimeSeparator":"","_EventTimeRangeSeparator":"","_EventOrganizerID":[],"_EventVenueID":[],"_OrganizerEmail":"","_OrganizerPhone":"","_OrganizerWebsite":"","_VenueAddress":"","_VenueCity":"","_VenueCountry":"","_VenueProvince":"","_VenueState":"","_VenueZip":"","_VenuePhone":"","_VenueURL":"","_VenueStateProvince":"","_VenueLat":"","_VenueLng":"","_VenueShowMap":false,"_VenueShowMapLink":false,"footnotes":""},"categories":[28,30],"tags":[],"class_list":["post-7301","post","type-post","status-publish","format-standard","hentry","category-actualites","category-colloque"],"_links":{"self":[{"href":"http:\/\/sfej.asso.fr\/index.php?rest_route=\/wp\/v2\/posts\/7301","targetHints":{"allow":["GET"]}}],"collection":[{"href":"http:\/\/sfej.asso.fr\/index.php?rest_route=\/wp\/v2\/posts"}],"about":[{"href":"http:\/\/sfej.asso.fr\/index.php?rest_route=\/wp\/v2\/types\/post"}],"author":[{"embeddable":true,"href":"http:\/\/sfej.asso.fr\/index.php?rest_route=\/wp\/v2\/users\/3"}],"replies":[{"embeddable":true,"href":"http:\/\/sfej.asso.fr\/index.php?rest_route=%2Fwp%2Fv2%2Fcomments&post=7301"}],"version-history":[{"count":2,"href":"http:\/\/sfej.asso.fr\/index.php?rest_route=\/wp\/v2\/posts\/7301\/revisions"}],"predecessor-version":[{"id":7304,"href":"http:\/\/sfej.asso.fr\/index.php?rest_route=\/wp\/v2\/posts\/7301\/revisions\/7304"}],"wp:attachment":[{"href":"http:\/\/sfej.asso.fr\/index.php?rest_route=%2Fwp%2Fv2%2Fmedia&parent=7301"}],"wp:term":[{"taxonomy":"category","embeddable":true,"href":"http:\/\/sfej.asso.fr\/index.php?rest_route=%2Fwp%2Fv2%2Fcategories&post=7301"},{"taxonomy":"post_tag","embeddable":true,"href":"http:\/\/sfej.asso.fr\/index.php?rest_route=%2Fwp%2Fv2%2Ftags&post=7301"}],"curies":[{"name":"wp","href":"https:\/\/api.w.org\/{rel}","templated":true}]}}