{"id":7305,"date":"2025-03-04T13:27:13","date_gmt":"2025-03-04T12:27:13","guid":{"rendered":"http:\/\/sfej.asso.fr\/?p=7305"},"modified":"2025-03-04T13:27:14","modified_gmt":"2025-03-04T12:27:14","slug":"journee-detude-les-mobilites-en-asie-au-prisme-des-sources-des-missions-etrangeres-de-paris-xixe-xxie-siecles-24-mars-2025-paris","status":"publish","type":"post","link":"http:\/\/sfej.asso.fr\/?p=7305","title":{"rendered":"[Journ\u00e9e d&rsquo;\u00e9tude] \u00ab\u00a0Les mobilit\u00e9s en Asie au prisme des sources des Missions \u00e9trang\u00e8res de Paris (XIXe-XXIe si\u00e8cles)\u00a0\u00bb, 24 mars 2025, Paris"},"content":{"rendered":"\n<p>Le lundi 24 mars 2025, l&rsquo;EFEO et l&rsquo;IRFA \u2014 l&rsquo;institut\u00a0en charge de pr\u00e9server, d&rsquo;enrichir et de valoriser le fonds documentaire des Missions \u00e9trang\u00e8res de Paris \u2014 organisent une journ\u00e9e d&rsquo;\u00e9tude au si\u00e8ge des MEP intitul\u00e9e : \u00ab\u00a0Les mobilit\u00e9s en Asie au prisme des sources des Missions \u00e9trang\u00e8res de Paris (XIXe -XXIe si\u00e8cles)\u00a0\u00bb. Les conf\u00e9rences porteront sur plusieurs pays d&rsquo;Asie : Cor\u00e9e, Chine, Japon, Tibet, Cambodge et Laos.<\/p>\n\n\n\n<p>Pour plus de d\u00e9tails, vous pouvez consulter la page de l&rsquo;IRFA d\u00e9di\u00e9e \u00e0 la journ\u00e9e <strong><em><a href=\"https:\/\/irfa.paris\/journee-detude-irfa-efeo-les-mobilites-en-asie-au-prisme-des-sources-des-missions-etrangeres-de-paris-xixe-xxie-siecles\/\" data-type=\"link\" data-id=\"https:\/\/irfa.paris\/journee-detude-irfa-efeo-les-mobilites-en-asie-au-prisme-des-sources-des-missions-etrangeres-de-paris-xixe-xxie-siecles\/\">sur ce lien<\/a><\/em><\/strong>.<\/p>\n","protected":false},"excerpt":{"rendered":"<p>Le lundi 24 mars 2025, l&rsquo;EFEO et l&rsquo;IRFA \u2014 l&rsquo;institut\u00a0en charge de pr\u00e9server, d&rsquo;enrichir et de valoriser le fonds documentaire des Missions \u00e9trang\u00e8res de Paris \u2014 organisent une journ\u00e9e d&rsquo;\u00e9tude au si\u00e8ge des MEP intitul\u00e9e : \u00ab\u00a0Les mobilit\u00e9s en Asie&hellip;&nbsp;<a href=\"http:\/\/sfej.asso.fr\/?p=7305\" class=\"more-link\">Lire la suite<\/a><\/p>\n","protected":false},"author":3,"featured_media":0,"comment_status":"closed","ping_status":"closed","sticky":false,"template":"","format":"standard","meta":{"_EventAllDay":false,"_EventTimezone":"","_EventStartDate":"","_EventEndDate":"","_EventStartDateUTC":"","_EventEndDateUTC":"","_EventShowMap":false,"_EventShowMapLink":false,"_EventURL":"","_EventCost":"","_EventCostDescription":"","_EventCurrencySymbol":"","_EventCurrencyCode":"","_EventCurrencyPosition":"","_EventDateTimeSeparator":"","_EventTimeRangeSeparator":"","_EventOrganizerID":[],"_EventVenueID":[],"_OrganizerEmail":"","_OrganizerPhone":"","_OrganizerWebsite":"","_VenueAddress":"","_VenueCity":"","_VenueCountry":"","_VenueProvince":"","_VenueState":"","_VenueZip":"","_VenuePhone":"","_VenueURL":"","_VenueStateProvince":"","_VenueLat":"","_VenueLng":"","_VenueShowMap":false,"_VenueShowMapLink":false,"footnotes":""},"categories":[28,30],"tags":[],"class_list":["post-7305","post","type-post","status-publish","format-standard","hentry","category-actualites","category-colloque"],"_links":{"self":[{"href":"http:\/\/sfej.asso.fr\/index.php?rest_route=\/wp\/v2\/posts\/7305","targetHints":{"allow":["GET"]}}],"collection":[{"href":"http:\/\/sfej.asso.fr\/index.php?rest_route=\/wp\/v2\/posts"}],"about":[{"href":"http:\/\/sfej.asso.fr\/index.php?rest_route=\/wp\/v2\/types\/post"}],"author":[{"embeddable":true,"href":"http:\/\/sfej.asso.fr\/index.php?rest_route=\/wp\/v2\/users\/3"}],"replies":[{"embeddable":true,"href":"http:\/\/sfej.asso.fr\/index.php?rest_route=%2Fwp%2Fv2%2Fcomments&post=7305"}],"version-history":[{"count":1,"href":"http:\/\/sfej.asso.fr\/index.php?rest_route=\/wp\/v2\/posts\/7305\/revisions"}],"predecessor-version":[{"id":7306,"href":"http:\/\/sfej.asso.fr\/index.php?rest_route=\/wp\/v2\/posts\/7305\/revisions\/7306"}],"wp:attachment":[{"href":"http:\/\/sfej.asso.fr\/index.php?rest_route=%2Fwp%2Fv2%2Fmedia&parent=7305"}],"wp:term":[{"taxonomy":"category","embeddable":true,"href":"http:\/\/sfej.asso.fr\/index.php?rest_route=%2Fwp%2Fv2%2Fcategories&post=7305"},{"taxonomy":"post_tag","embeddable":true,"href":"http:\/\/sfej.asso.fr\/index.php?rest_route=%2Fwp%2Fv2%2Ftags&post=7305"}],"curies":[{"name":"wp","href":"https:\/\/api.w.org\/{rel}","templated":true}]}}