{"id":7324,"date":"2025-03-10T14:43:21","date_gmt":"2025-03-10T13:43:21","guid":{"rendered":"http:\/\/sfej.asso.fr\/?p=7324"},"modified":"2025-03-10T14:43:22","modified_gmt":"2025-03-10T13:43:22","slug":"parution-la-grande-famille-de-koreeda-hirokazu-ens-editions-raphaelle-yokota","status":"publish","type":"post","link":"http:\/\/sfej.asso.fr\/?p=7324","title":{"rendered":"[Parution] La grande famille de Koreeda Hirokazu, ENS \u00c9ditions, Rapha\u00eblle Yokota"},"content":{"rendered":"\n<p>Rapha\u00eblle Yokota a le plaisir de vous annoncer la parution de l&rsquo;ouvrage tir\u00e9 de sa th\u00e8se de doctorat, intitul\u00e9\u00a0<em><a href=\"https:\/\/catalogue-editions.ens-lyon.fr\/FR\/livre\/?GCOI=29021100476120\" target=\"_blank\" rel=\"noreferrer noopener\">La Grande famille de Koreeda Hirokazu<\/a>,\u00a0<\/em>chez <a href=\"https:\/\/catalogue-editions.ens-lyon.fr\/FR\/livre\/?GCOI=29021100476120\" data-type=\"link\" data-id=\"https:\/\/catalogue-editions.ens-lyon.fr\/FR\/livre\/?GCOI=29021100476120\">ENS \u00c9ditions<\/a>,\u00a0le 20 mars 2025 (avec le soutien de l&rsquo;IFRAE).\u00a0<\/p>\n\n\n\n<p>Pour celles et ceux qui sont \u00e0 Lyon, une\u00a0<a href=\"https:\/\/www.ens-lyon.fr\/evenement\/savoirs\/soiree-koreeda-le-cineaste-de-la-famille\" target=\"_blank\" rel=\"noreferrer noopener\">soir\u00e9e de lancement<\/a>\u00a0est organis\u00e9e \u00e0 l\u2019ENS, mardi 18 mars 2025, en partenariat avec l&rsquo;IAO. Rapha\u00eblle sera \u00e9galement au\u00a0<a href=\"https:\/\/magnifique-livre.org\/\" target=\"_blank\" rel=\"noreferrer noopener\">Salon Magnifique Livre<\/a>\u00a0dimanche 16 mars 2025, au stand d&rsquo;ENS Editions, \u00e0 partir de 15h.<\/p>\n\n\n<div class=\"wp-block-image\">\n<figure class=\"aligncenter size-full\"><img loading=\"lazy\" decoding=\"async\" width=\"1200\" height=\"1934\" src=\"http:\/\/sfej.asso.fr\/wp-content\/uploads\/2025\/03\/Raphaelle-Yokota.jpg\" alt=\"\" class=\"wp-image-7325\" srcset=\"http:\/\/sfej.asso.fr\/wp-content\/uploads\/2025\/03\/Raphaelle-Yokota.jpg 1200w, http:\/\/sfej.asso.fr\/wp-content\/uploads\/2025\/03\/Raphaelle-Yokota-186x300.jpg 186w, http:\/\/sfej.asso.fr\/wp-content\/uploads\/2025\/03\/Raphaelle-Yokota-635x1024.jpg 635w, http:\/\/sfej.asso.fr\/wp-content\/uploads\/2025\/03\/Raphaelle-Yokota-768x1238.jpg 768w, http:\/\/sfej.asso.fr\/wp-content\/uploads\/2025\/03\/Raphaelle-Yokota-953x1536.jpg 953w, http:\/\/sfej.asso.fr\/wp-content\/uploads\/2025\/03\/Raphaelle-Yokota-168x270.jpg 168w\" sizes=\"auto, (max-width: 1200px) 100vw, 1200px\" \/><figcaption class=\"wp-element-caption\">Screenshot<\/figcaption><\/figure>\n<\/div>","protected":false},"excerpt":{"rendered":"<p>Rapha\u00eblle Yokota a le plaisir de vous annoncer la parution de l&rsquo;ouvrage tir\u00e9 de sa th\u00e8se de doctorat, intitul\u00e9\u00a0La Grande famille de Koreeda Hirokazu,\u00a0chez ENS \u00c9ditions,\u00a0le 20 mars 2025 (avec le soutien de l&rsquo;IFRAE).\u00a0 Pour celles et ceux qui sont&hellip;&nbsp;<a href=\"http:\/\/sfej.asso.fr\/?p=7324\" class=\"more-link\">Lire la suite<\/a><\/p>\n","protected":false},"author":3,"featured_media":0,"comment_status":"closed","ping_status":"closed","sticky":false,"template":"","format":"standard","meta":{"_EventAllDay":false,"_EventTimezone":"","_EventStartDate":"","_EventEndDate":"","_EventStartDateUTC":"","_EventEndDateUTC":"","_EventShowMap":false,"_EventShowMapLink":false,"_EventURL":"","_EventCost":"","_EventCostDescription":"","_EventCurrencySymbol":"","_EventCurrencyCode":"","_EventCurrencyPosition":"","_EventDateTimeSeparator":"","_EventTimeRangeSeparator":"","_EventOrganizerID":[],"_EventVenueID":[],"_OrganizerEmail":"","_OrganizerPhone":"","_OrganizerWebsite":"","_VenueAddress":"","_VenueCity":"","_VenueCountry":"","_VenueProvince":"","_VenueState":"","_VenueZip":"","_VenuePhone":"","_VenueURL":"","_VenueStateProvince":"","_VenueLat":"","_VenueLng":"","_VenueShowMap":false,"_VenueShowMapLink":false,"footnotes":""},"categories":[28,2],"tags":[],"class_list":["post-7324","post","type-post","status-publish","format-standard","hentry","category-actualites","category-publications"],"_links":{"self":[{"href":"http:\/\/sfej.asso.fr\/index.php?rest_route=\/wp\/v2\/posts\/7324","targetHints":{"allow":["GET"]}}],"collection":[{"href":"http:\/\/sfej.asso.fr\/index.php?rest_route=\/wp\/v2\/posts"}],"about":[{"href":"http:\/\/sfej.asso.fr\/index.php?rest_route=\/wp\/v2\/types\/post"}],"author":[{"embeddable":true,"href":"http:\/\/sfej.asso.fr\/index.php?rest_route=\/wp\/v2\/users\/3"}],"replies":[{"embeddable":true,"href":"http:\/\/sfej.asso.fr\/index.php?rest_route=%2Fwp%2Fv2%2Fcomments&post=7324"}],"version-history":[{"count":1,"href":"http:\/\/sfej.asso.fr\/index.php?rest_route=\/wp\/v2\/posts\/7324\/revisions"}],"predecessor-version":[{"id":7326,"href":"http:\/\/sfej.asso.fr\/index.php?rest_route=\/wp\/v2\/posts\/7324\/revisions\/7326"}],"wp:attachment":[{"href":"http:\/\/sfej.asso.fr\/index.php?rest_route=%2Fwp%2Fv2%2Fmedia&parent=7324"}],"wp:term":[{"taxonomy":"category","embeddable":true,"href":"http:\/\/sfej.asso.fr\/index.php?rest_route=%2Fwp%2Fv2%2Fcategories&post=7324"},{"taxonomy":"post_tag","embeddable":true,"href":"http:\/\/sfej.asso.fr\/index.php?rest_route=%2Fwp%2Fv2%2Ftags&post=7324"}],"curies":[{"name":"wp","href":"https:\/\/api.w.org\/{rel}","templated":true}]}}