{"id":7335,"date":"2025-03-10T19:19:08","date_gmt":"2025-03-10T18:19:08","guid":{"rendered":"http:\/\/sfej.asso.fr\/?p=7335"},"modified":"2025-03-10T19:19:08","modified_gmt":"2025-03-10T18:19:08","slug":"afterwork-seminar-avec-ahmed-agne-cecile-pournin-et-julien-han-13-mars-2025-paris","status":"publish","type":"post","link":"http:\/\/sfej.asso.fr\/?p=7335","title":{"rendered":"[Afterwork Seminar] Avec Ahmed Agne, C\u00e9cile Pournin et Julien Han, 13 mars 2025, Paris"},"content":{"rendered":"\n<p>Dans le cadre de l\u2019Afterwork seminar&nbsp;de l&rsquo;\u00c9cole universitaire de&nbsp;recherche en \u00e9tudes sur l&rsquo;Asie orientale d&rsquo;Universit\u00e9 Paris Cit\u00e9,&nbsp;nous accueillerons le&nbsp;jeudi 13 mars&nbsp;de 17h30 \u00e0 19h00&nbsp;trois dipl\u00f4m\u00e9s de l&rsquo;UFR LCAO,&nbsp;Ahmed Agne&nbsp;et&nbsp;C\u00e9cile Pournin, co-fondateurs de&nbsp;la c\u00e9l\u00e8bre maison d\u2019\u00e9dition de manga Ki-oon, et&nbsp;Julien Han, artisan du cuir.&nbsp;<\/p>\n\n\n\n<p>Cette rencontre&nbsp;aura lieu en&nbsp;salle L\u00e9on&nbsp;Vandermeersch&nbsp;de l\u2019UFR LCAO (481 C), b\u00e2timent des Grands Moulins. L\u2019inscription n\u2019est pas obligatoire.<\/p>\n\n\n\n<p>Ahmed Agne&nbsp;est \u00e9diteur de mangas et co-fondateur de la maison d\u2019\u00e9dition Ki-oon avec C\u00e9cile Pournin. Apr\u00e8s un baccalaur\u00e9at litt\u00e9raire, il s\u2019engage pour quatre ann\u00e9es \u00e0 LCAO (1995-1999) avant d\u2019\u00eatre s\u00e9lectionn\u00e9 par le programme JET du gouvernement japonais.&nbsp;<\/p>\n\n\n\n<p>C\u00e9cile Pournin&nbsp;codirige la maison d\u2019\u00e9dition Ki-oon qu\u2019elle a cofond\u00e9e en 2003 avec Ahmed Agne. Passionn\u00e9e pour la litt\u00e9rature et les langues, elle a obtenu un DESS de traduction en anglais puis un master d\u2019\u00e9tudes japonaises \u00e0 LCAO.&nbsp;&nbsp;<\/p>\n\n\n\n<p>Julien Han&nbsp;a obtenu un master en \u00e9tudes chinoises \u00e0 LCAO en 2014. Apr\u00e8s une sp\u00e9cialisation dans l\u2019agro-alimentaire dans une \u00e9cole de commerce, il a travaill\u00e9 dans le marketing. Il a r\u00e9cemment lanc\u00e9 sa propre activit\u00e9 entrepreneuriale, comme artisan du cuir.<\/p>\n\n\n<div class=\"wp-block-image\">\n<figure class=\"aligncenter size-full\"><img loading=\"lazy\" decoding=\"async\" width=\"1276\" height=\"1800\" src=\"http:\/\/sfej.asso.fr\/wp-content\/uploads\/2025\/03\/13-mars-2025.jpg\" alt=\"\" class=\"wp-image-7336\" srcset=\"http:\/\/sfej.asso.fr\/wp-content\/uploads\/2025\/03\/13-mars-2025.jpg 1276w, http:\/\/sfej.asso.fr\/wp-content\/uploads\/2025\/03\/13-mars-2025-213x300.jpg 213w, http:\/\/sfej.asso.fr\/wp-content\/uploads\/2025\/03\/13-mars-2025-726x1024.jpg 726w, http:\/\/sfej.asso.fr\/wp-content\/uploads\/2025\/03\/13-mars-2025-768x1083.jpg 768w, http:\/\/sfej.asso.fr\/wp-content\/uploads\/2025\/03\/13-mars-2025-1089x1536.jpg 1089w, http:\/\/sfej.asso.fr\/wp-content\/uploads\/2025\/03\/13-mars-2025-191x270.jpg 191w\" sizes=\"auto, (max-width: 1276px) 100vw, 1276px\" \/><\/figure>\n<\/div>","protected":false},"excerpt":{"rendered":"<p>Dans le cadre de l\u2019Afterwork seminar&nbsp;de l&rsquo;\u00c9cole universitaire de&nbsp;recherche en \u00e9tudes sur l&rsquo;Asie orientale d&rsquo;Universit\u00e9 Paris Cit\u00e9,&nbsp;nous accueillerons le&nbsp;jeudi 13 mars&nbsp;de 17h30 \u00e0 19h00&nbsp;trois dipl\u00f4m\u00e9s de l&rsquo;UFR LCAO,&nbsp;Ahmed Agne&nbsp;et&nbsp;C\u00e9cile Pournin, co-fondateurs de&nbsp;la c\u00e9l\u00e8bre maison d\u2019\u00e9dition de manga Ki-oon, et&nbsp;Julien Han,&hellip;&nbsp;<a href=\"http:\/\/sfej.asso.fr\/?p=7335\" class=\"more-link\">Lire la suite<\/a><\/p>\n","protected":false},"author":4,"featured_media":0,"comment_status":"closed","ping_status":"closed","sticky":false,"template":"","format":"standard","meta":{"_EventAllDay":false,"_EventTimezone":"","_EventStartDate":"","_EventEndDate":"","_EventStartDateUTC":"","_EventEndDateUTC":"","_EventShowMap":false,"_EventShowMapLink":false,"_EventURL":"","_EventCost":"","_EventCostDescription":"","_EventCurrencySymbol":"","_EventCurrencyCode":"","_EventCurrencyPosition":"","_EventDateTimeSeparator":"","_EventTimeRangeSeparator":"","_EventOrganizerID":[],"_EventVenueID":[],"_OrganizerEmail":"","_OrganizerPhone":"","_OrganizerWebsite":"","_VenueAddress":"","_VenueCity":"","_VenueCountry":"","_VenueProvince":"","_VenueState":"","_VenueZip":"","_VenuePhone":"","_VenueURL":"","_VenueStateProvince":"","_VenueLat":"","_VenueLng":"","_VenueShowMap":false,"_VenueShowMapLink":false,"footnotes":""},"categories":[28,31,35],"tags":[],"class_list":["post-7335","post","type-post","status-publish","format-standard","hentry","category-actualites","category-conference","category-evenements"],"_links":{"self":[{"href":"http:\/\/sfej.asso.fr\/index.php?rest_route=\/wp\/v2\/posts\/7335","targetHints":{"allow":["GET"]}}],"collection":[{"href":"http:\/\/sfej.asso.fr\/index.php?rest_route=\/wp\/v2\/posts"}],"about":[{"href":"http:\/\/sfej.asso.fr\/index.php?rest_route=\/wp\/v2\/types\/post"}],"author":[{"embeddable":true,"href":"http:\/\/sfej.asso.fr\/index.php?rest_route=\/wp\/v2\/users\/4"}],"replies":[{"embeddable":true,"href":"http:\/\/sfej.asso.fr\/index.php?rest_route=%2Fwp%2Fv2%2Fcomments&post=7335"}],"version-history":[{"count":1,"href":"http:\/\/sfej.asso.fr\/index.php?rest_route=\/wp\/v2\/posts\/7335\/revisions"}],"predecessor-version":[{"id":7337,"href":"http:\/\/sfej.asso.fr\/index.php?rest_route=\/wp\/v2\/posts\/7335\/revisions\/7337"}],"wp:attachment":[{"href":"http:\/\/sfej.asso.fr\/index.php?rest_route=%2Fwp%2Fv2%2Fmedia&parent=7335"}],"wp:term":[{"taxonomy":"category","embeddable":true,"href":"http:\/\/sfej.asso.fr\/index.php?rest_route=%2Fwp%2Fv2%2Fcategories&post=7335"},{"taxonomy":"post_tag","embeddable":true,"href":"http:\/\/sfej.asso.fr\/index.php?rest_route=%2Fwp%2Fv2%2Ftags&post=7335"}],"curies":[{"name":"wp","href":"https:\/\/api.w.org\/{rel}","templated":true}]}}