{"id":7492,"date":"2025-04-16T15:44:58","date_gmt":"2025-04-16T13:44:58","guid":{"rendered":"http:\/\/sfej.asso.fr\/?p=7492"},"modified":"2025-04-16T15:44:58","modified_gmt":"2025-04-16T13:44:58","slug":"premieres-assises-reseau-de-recherche-interdisciplinaire-sur-les-religions-et-croyances-au-japon-22-et-23-mai-2025-college-de-france","status":"publish","type":"post","link":"http:\/\/sfej.asso.fr\/?p=7492","title":{"rendered":"[Premi\u00e8res assises] R\u00e9seau de recherche interdisciplinaire sur les Religions et croyances au Japon, 22 et 23 mai 2025, Coll\u00e8ge de France"},"content":{"rendered":"\n<p>Veuillez trouver, <strong><span style=\"text-decoration: underline;\"><a href=\"http:\/\/sfej.asso.fr\/wp-content\/uploads\/2025\/04\/Assises-programme.pdf\" data-type=\"link\" data-id=\"http:\/\/sfej.asso.fr\/wp-content\/uploads\/2025\/04\/Assises-programme.pdf\">sur ce lien<\/a><\/span><\/strong>, le programme des Premi\u00e8res assises du R\u00e9seau de recherche interdisciplinaire sur les Religions et croyances au Japon, les 22 et 23 mai 2025, au Coll\u00e8ge de France.<\/p>\n","protected":false},"excerpt":{"rendered":"<p>Veuillez trouver, sur ce lien, le programme des Premi\u00e8res assises du R\u00e9seau de recherche interdisciplinaire sur les Religions et croyances au Japon, les 22 et 23 mai 2025, au Coll\u00e8ge de France.<\/p>\n","protected":false},"author":3,"featured_media":0,"comment_status":"closed","ping_status":"closed","sticky":false,"template":"","format":"standard","meta":{"_EventAllDay":false,"_EventTimezone":"","_EventStartDate":"","_EventEndDate":"","_EventStartDateUTC":"","_EventEndDateUTC":"","_EventShowMap":false,"_EventShowMapLink":false,"_EventURL":"","_EventCost":"","_EventCostDescription":"","_EventCurrencySymbol":"","_EventCurrencyCode":"","_EventCurrencyPosition":"","_EventDateTimeSeparator":"","_EventTimeRangeSeparator":"","_EventOrganizerID":[],"_EventVenueID":[],"_OrganizerEmail":"","_OrganizerPhone":"","_OrganizerWebsite":"","_VenueAddress":"","_VenueCity":"","_VenueCountry":"","_VenueProvince":"","_VenueState":"","_VenueZip":"","_VenuePhone":"","_VenueURL":"","_VenueStateProvince":"","_VenueLat":"","_VenueLng":"","_VenueShowMap":false,"_VenueShowMapLink":false,"footnotes":""},"categories":[28,30,35],"tags":[],"class_list":["post-7492","post","type-post","status-publish","format-standard","hentry","category-actualites","category-colloque","category-evenements"],"_links":{"self":[{"href":"http:\/\/sfej.asso.fr\/index.php?rest_route=\/wp\/v2\/posts\/7492","targetHints":{"allow":["GET"]}}],"collection":[{"href":"http:\/\/sfej.asso.fr\/index.php?rest_route=\/wp\/v2\/posts"}],"about":[{"href":"http:\/\/sfej.asso.fr\/index.php?rest_route=\/wp\/v2\/types\/post"}],"author":[{"embeddable":true,"href":"http:\/\/sfej.asso.fr\/index.php?rest_route=\/wp\/v2\/users\/3"}],"replies":[{"embeddable":true,"href":"http:\/\/sfej.asso.fr\/index.php?rest_route=%2Fwp%2Fv2%2Fcomments&post=7492"}],"version-history":[{"count":2,"href":"http:\/\/sfej.asso.fr\/index.php?rest_route=\/wp\/v2\/posts\/7492\/revisions"}],"predecessor-version":[{"id":7495,"href":"http:\/\/sfej.asso.fr\/index.php?rest_route=\/wp\/v2\/posts\/7492\/revisions\/7495"}],"wp:attachment":[{"href":"http:\/\/sfej.asso.fr\/index.php?rest_route=%2Fwp%2Fv2%2Fmedia&parent=7492"}],"wp:term":[{"taxonomy":"category","embeddable":true,"href":"http:\/\/sfej.asso.fr\/index.php?rest_route=%2Fwp%2Fv2%2Fcategories&post=7492"},{"taxonomy":"post_tag","embeddable":true,"href":"http:\/\/sfej.asso.fr\/index.php?rest_route=%2Fwp%2Fv2%2Ftags&post=7492"}],"curies":[{"name":"wp","href":"https:\/\/api.w.org\/{rel}","templated":true}]}}