{"id":7528,"date":"2025-05-05T08:00:41","date_gmt":"2025-05-05T06:00:41","guid":{"rendered":"http:\/\/sfej.asso.fr\/?p=7528"},"modified":"2025-05-05T08:00:42","modified_gmt":"2025-05-05T06:00:42","slug":"appel-a-communications-10e-rencontres-des-chercheurs-francophones-du-kansai-extension-jusquau-10-mai-2025","status":"publish","type":"post","link":"http:\/\/sfej.asso.fr\/?p=7528","title":{"rendered":"[Appel \u00e0 communications] 10e Rencontres des chercheurs francophones du Kansai, extension jusqu&rsquo;au 10 mai 2025"},"content":{"rendered":"\n<p>Nous sommes heureux de vous annoncer que la date limite des soumissions pour les\u00a0<strong><a href=\"https:\/\/www.sciencescope.org\/events-2\/rcfk\/rcfk-2025-10es-rencontres-des-chercheurs-francophones-du-kansai\/\" target=\"_blank\" rel=\"noreferrer noopener\">10<sup>es<\/sup>\u00a0Rencontres des chercheurs francophones du Kansai (RCFK 2025)<\/a><\/strong>\u00a0a \u00e9t\u00e9 \u00e9tendue de quelques jours, jusqu&rsquo;au <strong><span style=\"text-decoration: underline;\">samedi 10 mai 2025<\/span><\/strong>. D&rsquo;autre part, nous ouvrons aussi la possibilit\u00e9 de proposer un \u00ab\u00a0poster\u00a0\u00bb en plus des formats \u00ab\u00a0expos\u00e9\u00a0\u00bb et \u00ab\u00a0flash-talk\u00a0\u00bb.<\/p>\n\n\n\n<p>Les RCFK 2025 auront lieu le\u00a0<strong>samedi 14 juin 2025<\/strong>\u00a0et nous aurons cette ann\u00e9e le plaisir d\u2019\u00eatre accueillis par l\u2019<strong>universit\u00e9 d\u2019Osaka<\/strong>. Toutefois, nous proposons un\u00a0<strong>format hybride<\/strong> afin de b\u00e9n\u00e9ficier des avantages tant du pr\u00e9sentiel que du num\u00e9rique.<\/p>\n\n\n\n<p>Organis\u00e9es avec le soutien de l\u2019Ambassade de France au Japon, les Rencontres des chercheurs francophones du Kansai (RCFK 2025) visent \u00e0 promouvoir les \u00e9changes entre chercheurs, \u00e9tudiants, ing\u00e9nieurs et institutionnels du Kansai sur leurs activit\u00e9s de recherche au Japon,&nbsp;<strong>toutes disciplines et nationalit\u00e9s<\/strong>&nbsp;<strong>confondues<\/strong>.<\/p>\n\n\n\n<p>Pour participer en tant qu\u2019intervenant, veuillez nous\u00a0<strong>envoyer vos propositions<\/strong>\u00a0d\u2019<strong>expos\u00e9s<\/strong>\u00a0(20 minutes), de\u00a0<strong>flash-talks\u00a0<\/strong>(5 minutes), ou de\u00a0<strong>posters<\/strong>, ainsi que votre\u00a0<strong>biographie<\/strong> avant le <strong>samedi 10 mai 2025<\/strong>\u00a0\u00e0 muller.quen [a]\u00a0<a href=\"http:\/\/gmail.com\/\" target=\"_blank\" rel=\"noreferrer noopener\">gmail.com<\/a>\u00a0ET association.sciencescope [a]\u00a0<a href=\"http:\/\/gmail.com\/\" target=\"_blank\" rel=\"noreferrer noopener\">gmail.com<\/a>. Pour le format, veuillez suivre les mod\u00e8les de r\u00e9sum\u00e9 et de biographie ci-dessous. Veuillez \u00e9galement pr\u00e9ciser dans votre email le format souhait\u00e9 (expos\u00e9, flash-talk, ou poster).<\/p>\n\n\n\n<p>La&nbsp;<strong>participation<\/strong>&nbsp;\u00e0 cet \u00e9v\u00e8nement est&nbsp;<strong>gratuite et ouverte \u00e0 tous<\/strong>, mais&nbsp;<a href=\"https:\/\/us02web.zoom.us\/meeting\/register\/8rJtTzdET-eOMTLtaOK8xQ#\/registration\" rel=\"noreferrer noopener\" target=\"_blank\"><strong>l\u2019inscription est obligatoire<\/strong><\/a>&nbsp;via le&nbsp;<a href=\"https:\/\/us02web.zoom.us\/meeting\/register\/8rJtTzdET-eOMTLtaOK8xQ#\/registration\" rel=\"noreferrer noopener\" target=\"_blank\"><strong>formulaire en ligne<\/strong><\/a>.<\/p>\n\n\n\n<p><strong>Comment soumettre votre proposition<\/strong><\/p>\n\n\n\n<ol start=\"1\" class=\"wp-block-list\">\n<li>Inscrivez-vous en ligne (ci-dessus)<\/li>\n\n\n\n<li>T\u00e9l\u00e9chargez les mod\u00e8les de r\u00e9sum\u00e9 et de biographie (ci-dessous)<\/li>\n\n\n\n<li>Envoyez votre r\u00e9sum\u00e9 et votre biographie \u00e0 muller.quen[a]<a href=\"http:\/\/gmail.com\/\" target=\"_blank\" rel=\"noreferrer noopener\">gmail.com<\/a>\u00a0et association.sciencescope[a]<a href=\"http:\/\/gmail.com\/\" target=\"_blank\" rel=\"noreferrer noopener\">gmail.com<\/a>\u00a0avant la date limite de soumission. Pr\u00e9cisez dans votre email le format souhait\u00e9 (expos\u00e9, flash-talk, ou poster).<\/li>\n<\/ol>\n\n\n\n<p><strong>Mod\u00e8les \u201cr\u00e9sum\u00e9\u201d et \u201cbiographie\u201d<\/strong><\/p>\n\n\n\n<ul class=\"wp-block-list\">\n<li><a href=\"https:\/\/www.sciencescope.org\/wp-content\/uploads\/2022\/05\/modele-resume-rcfk.docx\" target=\"_blank\" rel=\"noreferrer noopener\"><strong>mod\u00e8le r\u00e9sum\u00e9<\/strong><\/a>\u00a0(1 page maximum)<\/li>\n\n\n\n<li><a href=\"https:\/\/www.sciencescope.org\/wp-content\/uploads\/2022\/05\/modele-biographie-rcfk.docx\" target=\"_blank\" rel=\"noreferrer noopener\"><strong>mod\u00e8le biographie<\/strong><\/a><\/li>\n<\/ul>\n\n\n\n<p><a href=\"https:\/\/www.sciencescope.org\/events-2\/rcfk\/rcfk-2025-10es-rencontres-des-chercheurs-francophones-du-kansai\/\" target=\"_blank\" rel=\"noreferrer noopener\">Voir l&rsquo;appel sur le site de Sciencescope<\/a>.<\/p>\n","protected":false},"excerpt":{"rendered":"<p>Nous sommes heureux de vous annoncer que la date limite des soumissions pour les\u00a010es\u00a0Rencontres des chercheurs francophones du Kansai (RCFK 2025)\u00a0a \u00e9t\u00e9 \u00e9tendue de quelques jours, jusqu&rsquo;au samedi 10 mai 2025. D&rsquo;autre part, nous ouvrons aussi la possibilit\u00e9 de proposer&hellip;&nbsp;<a href=\"http:\/\/sfej.asso.fr\/?p=7528\" class=\"more-link\">Lire la suite<\/a><\/p>\n","protected":false},"author":3,"featured_media":0,"comment_status":"closed","ping_status":"closed","sticky":false,"template":"","format":"standard","meta":{"_EventAllDay":false,"_EventTimezone":"","_EventStartDate":"","_EventEndDate":"","_EventStartDateUTC":"","_EventEndDateUTC":"","_EventShowMap":false,"_EventShowMapLink":false,"_EventURL":"","_EventCost":"","_EventCostDescription":"","_EventCurrencySymbol":"","_EventCurrencyCode":"","_EventCurrencyPosition":"","_EventDateTimeSeparator":"","_EventTimeRangeSeparator":"","_EventOrganizerID":[],"_EventVenueID":[],"_OrganizerEmail":"","_OrganizerPhone":"","_OrganizerWebsite":"","_VenueAddress":"","_VenueCity":"","_VenueCountry":"","_VenueProvince":"","_VenueState":"","_VenueZip":"","_VenuePhone":"","_VenueURL":"","_VenueStateProvince":"","_VenueLat":"","_VenueLng":"","_VenueShowMap":false,"_VenueShowMapLink":false,"footnotes":""},"categories":[28,29],"tags":[],"class_list":["post-7528","post","type-post","status-publish","format-standard","hentry","category-actualites","category-appel"],"_links":{"self":[{"href":"http:\/\/sfej.asso.fr\/index.php?rest_route=\/wp\/v2\/posts\/7528","targetHints":{"allow":["GET"]}}],"collection":[{"href":"http:\/\/sfej.asso.fr\/index.php?rest_route=\/wp\/v2\/posts"}],"about":[{"href":"http:\/\/sfej.asso.fr\/index.php?rest_route=\/wp\/v2\/types\/post"}],"author":[{"embeddable":true,"href":"http:\/\/sfej.asso.fr\/index.php?rest_route=\/wp\/v2\/users\/3"}],"replies":[{"embeddable":true,"href":"http:\/\/sfej.asso.fr\/index.php?rest_route=%2Fwp%2Fv2%2Fcomments&post=7528"}],"version-history":[{"count":1,"href":"http:\/\/sfej.asso.fr\/index.php?rest_route=\/wp\/v2\/posts\/7528\/revisions"}],"predecessor-version":[{"id":7529,"href":"http:\/\/sfej.asso.fr\/index.php?rest_route=\/wp\/v2\/posts\/7528\/revisions\/7529"}],"wp:attachment":[{"href":"http:\/\/sfej.asso.fr\/index.php?rest_route=%2Fwp%2Fv2%2Fmedia&parent=7528"}],"wp:term":[{"taxonomy":"category","embeddable":true,"href":"http:\/\/sfej.asso.fr\/index.php?rest_route=%2Fwp%2Fv2%2Fcategories&post=7528"},{"taxonomy":"post_tag","embeddable":true,"href":"http:\/\/sfej.asso.fr\/index.php?rest_route=%2Fwp%2Fv2%2Ftags&post=7528"}],"curies":[{"name":"wp","href":"https:\/\/api.w.org\/{rel}","templated":true}]}}