{"id":7530,"date":"2025-05-05T08:46:01","date_gmt":"2025-05-05T06:46:01","guid":{"rendered":"http:\/\/sfej.asso.fr\/?p=7530"},"modified":"2025-05-05T08:46:02","modified_gmt":"2025-05-05T06:46:02","slug":"cycle-de-conferences-la-reconstruction-du-patrimoine-bati-regards-croises-franco-japonais-sur-les-cultures-architecturales-et-patrimoniales-mai-aout-2025-japon","status":"publish","type":"post","link":"http:\/\/sfej.asso.fr\/?p=7530","title":{"rendered":"[Cycle de conf\u00e9rences] \u00ab\u00a0La reconstruction du patrimoine b\u00e2ti : regards crois\u00e9s franco-japonais sur les cultures architecturales et patrimoniales\u00a0\u00bb, mai-ao\u00fbt 2025, Japon"},"content":{"rendered":"\n<p>Delphine Vomscheid a le plaisir de vous annoncer la tenue du cycle de conf\u00e9rences-d\u00e9bats international&nbsp;<strong>\u00ab\u00a0La reconstruction du patrimoine b\u00e2ti : regards crois\u00e9s franco-japonais sur les cultures architecturales et patrimoniales\u00a0\u00bb<\/strong>. Organis\u00e9 \u00e0 l&rsquo;Institut fran\u00e7ais de recherche sur le Japon \u00e0 la Maison franco-japonaise de Tokyo et en collaboration avec le d\u00e9partement d&rsquo;architecture de l&rsquo;universit\u00e9 de Tokyo, entre mai et ao\u00fbt 2025, ce cycle de cinq conf\u00e9rences abordera les enjeux contemporains de la reconstruction du patrimoine en France et au Japon par des sp\u00e9cialistes des deux pays.<\/p>\n\n\n\n<p>Les conf\u00e9rences se d\u00e9rouleront uniquement en pr\u00e9sentiel \u00e0 Tokyo, en fran\u00e7ais et en japonais avec traduction simultan\u00e9e. N&rsquo;h\u00e9sitez donc pas \u00e0 diffuser cette annonce aux coll\u00e8gues ou \u00e9tudiants se trouvant au Japon.&nbsp;<\/p>\n\n\n\n<p>Les s\u00e9ances seront toutefois enregistr\u00e9es et publi\u00e9es ult\u00e9rieurement sur le<a href=\"https:\/\/www.mfj.gr.jp\/\" target=\"_blank\" rel=\"noreferrer noopener\">&nbsp;site internet<\/a>&nbsp;de l&rsquo;IFRJ-MFJ.<\/p>\n\n\n\n<p><strong>Programme complet \u00e0 <em><a href=\"http:\/\/sfej.asso.fr\/wp-content\/uploads\/2025\/05\/Cycle_reconstruction_patrimoine_Flyer.pdf\" data-type=\"link\" data-id=\"http:\/\/sfej.asso.fr\/wp-content\/uploads\/2025\/05\/Cycle_reconstruction_patrimoine_Flyer.pdf\">t\u00e9l\u00e9charger sur ce lien<\/a><\/em><\/strong> :<\/p>\n\n\n\n<p><strong>1. jeudi 15 mai : \u00ab Les grands projets nationaux de reconstruction patrimoniale \u00bb<\/strong><br>&#8211; Pascal LI\u00c9VAUX\u00a0(responsable du d\u00e9partement de la recherche, direction g\u00e9n\u00e9rale des Patrimoines, Minist\u00e8re de la Culture)<br>&#8211; Makoto MOTONAKA (directeur, Nara National Research Institute for Cultural Properties)<br><strong>2. jeudi 29 mai : \u00ab Reconstruire le patrimoine b\u00e2ti avec le bois \u00bb<\/strong><br>&#8211; Fran\u00e7ois AUGER (architecte du patrimoine et charpentier)<br>&#8211; Yukiko \u014cSHIMA (architecte et chercheure, EHESS)<br><strong>3. vendredi 27 juin : \u00ab Travaux et techniques de reconstruction patrimoniale \u00bb<\/strong><br>&#8211; Val\u00e9rie N\u00c8GRE (professeur, Universit\u00e9 Paris 1 Panth\u00e9on-Sorbonne)<br>&#8211; Shigeatsu SHIMIZU (professeur, Kyoto Institute of Technology)<br><strong>4. vendredi 11 juillet : \u00ab La reconstruction de l\u2019architecture militaire \u00bb<\/strong><br>&#8211; Nicolas FAUCHERRE (prof. \u00e9m\u00e9rite, Aix-Marseille Universit\u00e9)<br>&#8211; Kazuyoshi FUMOTO (prof. \u00e9m\u00e9rite, Nagoya University)<br><strong>5. samedi 30 ao\u00fbt : \u00ab Histoire et th\u00e9orie de la reconstruction \u00bb<\/strong><br>&#8211; Patrice GOURBIN (ma\u00eetre de conf\u00e9rences, ENSA Normandie)<br>&#8211; Satoshi UNNO (ma\u00eetre de conf\u00e9rences, Universit\u00e9 de Tokyo)<\/p>\n\n\n\n<p>Inscription :&nbsp;<a href=\"https:\/\/www.mfj.gr.jp\/actualite\/cycle-de-conferences-la-reconstruction-du-patrimoine-bati-regards-croises-franco-japonais-sur-les-cultures-architecturales-et-patrimoniales\/\" target=\"_blank\" rel=\"noreferrer noopener\">https:\/\/www.mfj.gr.jp\/actualite\/cycle-de-conferences-la-reconstruction-du-patrimoine-bati-regards-croises-franco-japonais-sur-les-cultures-architecturales-et-patrimoniales\/<\/a><\/p>\n","protected":false},"excerpt":{"rendered":"<p>Delphine Vomscheid a le plaisir de vous annoncer la tenue du cycle de conf\u00e9rences-d\u00e9bats international&nbsp;\u00ab\u00a0La reconstruction du patrimoine b\u00e2ti : regards crois\u00e9s franco-japonais sur les cultures architecturales et patrimoniales\u00a0\u00bb. Organis\u00e9 \u00e0 l&rsquo;Institut fran\u00e7ais de recherche sur le Japon \u00e0 la&hellip;&nbsp;<a href=\"http:\/\/sfej.asso.fr\/?p=7530\" class=\"more-link\">Lire la suite<\/a><\/p>\n","protected":false},"author":3,"featured_media":0,"comment_status":"closed","ping_status":"closed","sticky":false,"template":"","format":"standard","meta":{"_EventAllDay":false,"_EventTimezone":"","_EventStartDate":"","_EventEndDate":"","_EventStartDateUTC":"","_EventEndDateUTC":"","_EventShowMap":false,"_EventShowMapLink":false,"_EventURL":"","_EventCost":"","_EventCostDescription":"","_EventCurrencySymbol":"","_EventCurrencyCode":"","_EventCurrencyPosition":"","_EventDateTimeSeparator":"","_EventTimeRangeSeparator":"","_EventOrganizerID":[],"_EventVenueID":[],"_OrganizerEmail":"","_OrganizerPhone":"","_OrganizerWebsite":"","_VenueAddress":"","_VenueCity":"","_VenueCountry":"","_VenueProvince":"","_VenueState":"","_VenueZip":"","_VenuePhone":"","_VenueURL":"","_VenueStateProvince":"","_VenueLat":"","_VenueLng":"","_VenueShowMap":false,"_VenueShowMapLink":false,"footnotes":""},"categories":[28,30,31],"tags":[],"class_list":["post-7530","post","type-post","status-publish","format-standard","hentry","category-actualites","category-colloque","category-conference"],"_links":{"self":[{"href":"http:\/\/sfej.asso.fr\/index.php?rest_route=\/wp\/v2\/posts\/7530","targetHints":{"allow":["GET"]}}],"collection":[{"href":"http:\/\/sfej.asso.fr\/index.php?rest_route=\/wp\/v2\/posts"}],"about":[{"href":"http:\/\/sfej.asso.fr\/index.php?rest_route=\/wp\/v2\/types\/post"}],"author":[{"embeddable":true,"href":"http:\/\/sfej.asso.fr\/index.php?rest_route=\/wp\/v2\/users\/3"}],"replies":[{"embeddable":true,"href":"http:\/\/sfej.asso.fr\/index.php?rest_route=%2Fwp%2Fv2%2Fcomments&post=7530"}],"version-history":[{"count":2,"href":"http:\/\/sfej.asso.fr\/index.php?rest_route=\/wp\/v2\/posts\/7530\/revisions"}],"predecessor-version":[{"id":7533,"href":"http:\/\/sfej.asso.fr\/index.php?rest_route=\/wp\/v2\/posts\/7530\/revisions\/7533"}],"wp:attachment":[{"href":"http:\/\/sfej.asso.fr\/index.php?rest_route=%2Fwp%2Fv2%2Fmedia&parent=7530"}],"wp:term":[{"taxonomy":"category","embeddable":true,"href":"http:\/\/sfej.asso.fr\/index.php?rest_route=%2Fwp%2Fv2%2Fcategories&post=7530"},{"taxonomy":"post_tag","embeddable":true,"href":"http:\/\/sfej.asso.fr\/index.php?rest_route=%2Fwp%2Fv2%2Ftags&post=7530"}],"curies":[{"name":"wp","href":"https:\/\/api.w.org\/{rel}","templated":true}]}}