{"id":7552,"date":"2025-05-05T18:02:42","date_gmt":"2025-05-05T16:02:42","guid":{"rendered":"http:\/\/sfej.asso.fr\/?p=7552"},"modified":"2025-05-05T18:02:43","modified_gmt":"2025-05-05T16:02:43","slug":"conference-de-linfluence-de-la-culture-sur-les-modes-dexpression-quelques-observations-contrastives-entre-le-francais-et-le-japonais-jeudi-22-mai-2025-16h-inalco","status":"publish","type":"post","link":"http:\/\/sfej.asso.fr\/?p=7552","title":{"rendered":"[Conf\u00e9rence] \u00ab\u00a0De l&rsquo;influence de la culture sur les modes d&rsquo;expression : quelques observations contrastives entre le fran\u00e7ais et le japonais\u00a0\u00bb, jeudi 22 mai 2025, 16h, Inalco"},"content":{"rendered":"\n<p>Dans le cadre des activit\u00e9s de l\u2019\u00e9quipe de linguistes de l\u2019Institut Fran\u00e7ais de Recherche sur l\u2019Asie du Sud-Est (IFRAE-UMR 8043), Jean Bazantay a le plaisir de vous annoncer une conf\u00e9rence de Yumi Takagaki, Professeure de linguistique \u00e0 l\u2019universit\u00e9 Kwansei Gakuin intitul\u00e9e :<\/p>\n\n\n\n<p><strong>\u00ab De l\u2019influence de la culture sur les modes d&rsquo;expression : quelques observations contrastives entre le fran\u00e7ais et le japonais \u00bb<\/strong><br>Le<strong>\u00a0jeudi 22 mai 2025,\u00a0<\/strong>\u00e0\u00a0<strong>16h00<\/strong>, Salle<strong>\u00a03.08<\/strong><br>Inalco &#8211; P\u00f4le des langues et civilisations65, rue des Grands Moulins, 75013 Paris<br><\/p>\n\n\n\n<p>R\u00e9sum\u00e9 :<br>Cette communication a pour objectif de d\u00e9crire comment les conventions textuelles diff\u00e8rent selon que l\u2019on r\u00e9dige en fran\u00e7ais ou en japonais, et d\u2019expliquer ces diff\u00e9rences du point de vue de la rh\u00e9torique contrastive.\u00a0Selon cette approche, la logique textuelle \u2014 qui fonde la rh\u00e9torique \u2014 se d\u00e9veloppe au sein d&rsquo;une culture donn\u00e9e\u00a0; elle n\u2019est donc pas universelle. Ce relativisme langagier, trop souvent m\u00e9connu dans l\u2019enseignement, est \u00e0 l\u2019origine de nombreux probl\u00e8mes dans la communication interculturelle.<\/p>\n\n\n<div class=\"wp-block-image\">\n<figure class=\"aligncenter size-full\"><img loading=\"lazy\" decoding=\"async\" width=\"1286\" height=\"1816\" src=\"http:\/\/sfej.asso.fr\/wp-content\/uploads\/2025\/05\/22-mai-2025.jpg\" alt=\"\" class=\"wp-image-7553\" srcset=\"http:\/\/sfej.asso.fr\/wp-content\/uploads\/2025\/05\/22-mai-2025.jpg 1286w, http:\/\/sfej.asso.fr\/wp-content\/uploads\/2025\/05\/22-mai-2025-212x300.jpg 212w, http:\/\/sfej.asso.fr\/wp-content\/uploads\/2025\/05\/22-mai-2025-725x1024.jpg 725w, http:\/\/sfej.asso.fr\/wp-content\/uploads\/2025\/05\/22-mai-2025-768x1085.jpg 768w, http:\/\/sfej.asso.fr\/wp-content\/uploads\/2025\/05\/22-mai-2025-1088x1536.jpg 1088w, http:\/\/sfej.asso.fr\/wp-content\/uploads\/2025\/05\/22-mai-2025-191x270.jpg 191w\" sizes=\"auto, (max-width: 1286px) 100vw, 1286px\" \/><\/figure>\n<\/div>","protected":false},"excerpt":{"rendered":"<p>Dans le cadre des activit\u00e9s de l\u2019\u00e9quipe de linguistes de l\u2019Institut Fran\u00e7ais de Recherche sur l\u2019Asie du Sud-Est (IFRAE-UMR 8043), Jean Bazantay a le plaisir de vous annoncer une conf\u00e9rence de Yumi Takagaki, Professeure de linguistique \u00e0 l\u2019universit\u00e9 Kwansei Gakuin&hellip;&nbsp;<a href=\"http:\/\/sfej.asso.fr\/?p=7552\" class=\"more-link\">Lire la suite<\/a><\/p>\n","protected":false},"author":3,"featured_media":0,"comment_status":"closed","ping_status":"closed","sticky":false,"template":"","format":"standard","meta":{"_EventAllDay":false,"_EventTimezone":"","_EventStartDate":"","_EventEndDate":"","_EventStartDateUTC":"","_EventEndDateUTC":"","_EventShowMap":false,"_EventShowMapLink":false,"_EventURL":"","_EventCost":"","_EventCostDescription":"","_EventCurrencySymbol":"","_EventCurrencyCode":"","_EventCurrencyPosition":"","_EventDateTimeSeparator":"","_EventTimeRangeSeparator":"","_EventOrganizerID":[],"_EventVenueID":[],"_OrganizerEmail":"","_OrganizerPhone":"","_OrganizerWebsite":"","_VenueAddress":"","_VenueCity":"","_VenueCountry":"","_VenueProvince":"","_VenueState":"","_VenueZip":"","_VenuePhone":"","_VenueURL":"","_VenueStateProvince":"","_VenueLat":"","_VenueLng":"","_VenueShowMap":false,"_VenueShowMapLink":false,"footnotes":""},"categories":[28,31],"tags":[],"class_list":["post-7552","post","type-post","status-publish","format-standard","hentry","category-actualites","category-conference"],"_links":{"self":[{"href":"http:\/\/sfej.asso.fr\/index.php?rest_route=\/wp\/v2\/posts\/7552","targetHints":{"allow":["GET"]}}],"collection":[{"href":"http:\/\/sfej.asso.fr\/index.php?rest_route=\/wp\/v2\/posts"}],"about":[{"href":"http:\/\/sfej.asso.fr\/index.php?rest_route=\/wp\/v2\/types\/post"}],"author":[{"embeddable":true,"href":"http:\/\/sfej.asso.fr\/index.php?rest_route=\/wp\/v2\/users\/3"}],"replies":[{"embeddable":true,"href":"http:\/\/sfej.asso.fr\/index.php?rest_route=%2Fwp%2Fv2%2Fcomments&post=7552"}],"version-history":[{"count":1,"href":"http:\/\/sfej.asso.fr\/index.php?rest_route=\/wp\/v2\/posts\/7552\/revisions"}],"predecessor-version":[{"id":7554,"href":"http:\/\/sfej.asso.fr\/index.php?rest_route=\/wp\/v2\/posts\/7552\/revisions\/7554"}],"wp:attachment":[{"href":"http:\/\/sfej.asso.fr\/index.php?rest_route=%2Fwp%2Fv2%2Fmedia&parent=7552"}],"wp:term":[{"taxonomy":"category","embeddable":true,"href":"http:\/\/sfej.asso.fr\/index.php?rest_route=%2Fwp%2Fv2%2Fcategories&post=7552"},{"taxonomy":"post_tag","embeddable":true,"href":"http:\/\/sfej.asso.fr\/index.php?rest_route=%2Fwp%2Fv2%2Ftags&post=7552"}],"curies":[{"name":"wp","href":"https:\/\/api.w.org\/{rel}","templated":true}]}}