{"id":7559,"date":"2025-05-07T07:49:16","date_gmt":"2025-05-07T05:49:16","guid":{"rendered":"http:\/\/sfej.asso.fr\/?p=7559"},"modified":"2025-05-07T07:49:16","modified_gmt":"2025-05-07T05:49:16","slug":"appel-a-communication-journee-detude-le-japon-dans-les-arts-et-la-litterature-autour-de-la-photographie-de-michael-kenna-propositions-a-envoyer-avant-le-1er-juin-2025","status":"publish","type":"post","link":"http:\/\/sfej.asso.fr\/?p=7559","title":{"rendered":"[Appel \u00e0 communication] Journ\u00e9e d&rsquo;\u00e9tude \u00ab\u00a0Le Japon dans les arts et la litt\u00e9rature. Autour de la photographie de Michael Kenna\u00a0\u00bb, propositions \u00e0 envoyer avant le 1er juin 2025"},"content":{"rendered":"\n<p>Le lyc\u00e9e Champollion, en lien avec l\u2019Universit\u00e9 Grenoble Alpes, inaugure un cycle de journ\u00e9es<br>d\u2019\u00e9tude internatioonales autour des diff\u00e9rentes th\u00e9matiques et techniques li\u00e9es \u00e0 la photographie de<br>Michael Kenna (1953-\u2026), photographe britannique expos\u00e9 dans le monde entier.<br>Cette premi\u00e8re journ\u00e9e d\u2019\u00e9tude vise \u00e0 mettre en lumi\u00e8re une des sources d\u2019inspiration majeures de<br>son \u0153uvre : la repr\u00e9sentation du Japon. En effet, Michael Kenna a consacr\u00e9 de nombreuses expositions et monographies \u00e0 la repr\u00e9sentation du Japon comme en t\u00e9moignent ses s\u00e9ries d\u00e9di\u00e9es \u00e0 l\u2019\u00eele de Hokkaido. Ses photographies en noir et blanc jouant sur les creux et les pleins ne sont pas sans rappeler les calligraphies japonaises et montrent combien la topographie du pays ainsi que les traditions artistiques ont pu inspirer sa cr\u00e9ativit\u00e9.<br>La premi\u00e8re visite de Michael Kenna au Japon a eu lieu en 1987. Captiv\u00e9 aussi bien par les paysages<br>que par la philosophie japonaise, il a ensuite arpent\u00e9 l\u2019archipel nippon lors de nombreuses p\u00e9r\u00e9grinations \u00e9tal\u00e9es sur plus de 30 ans. Au fil des ann\u00e9es, c\u2019est le d\u00e9pouillement m\u00eame de la nature qu\u2019il a retranscrit en un ensemble d\u2019\u0153uvres chromatiques, o\u00f9 la beaut\u00e9 des paysages rejaillit dans toute sa puret\u00e9. De Hokkaido \u00e0 Honshu, des formations rocheuses aux statues de Bouddha sans oublier la campagne japonaise, les s\u00e9ries photographiques <em>Forms of Japan<\/em> (2022) mais \u00e9galement <em>Japan. A Love<\/em> <em>Story<\/em> (2024) mettent en exergue les formes \u00e9pur\u00e9es du Japon.<br>Nous vous invitons donc \u00e0 suivre Michael Kenna dans ses explorations des multiples facettes du<br>Japon et \u00e0 retracer sa repr\u00e9sentation dans les arts et la litt\u00e9rature.<\/p>\n\n\n\n<p>Date et lieu de rencontre : vendredi 14 novembre 2025 au lyc\u00e9e Champollion \u00e0 Grenoble (France)<br><br>Les principaux th\u00e8mes abord\u00e9s :<br>1) Le Japon dans l\u2019\u0153uvre de Michael Kenna<br>2) Le Japon dans l\u2019histoire de l\u2019art \/ des arts<br>3) Le Japon dans l\u2019art contemporain<br>4) Le Japonisme<br>5) Paysages et jardins japonais<br>6) Repr\u00e9sentations des traditions et spiritualit\u00e9s japonaises<br>7) R\u00e9appropriation des estampes et de la calligraphie japonaises<br>8) Le Japon dans la cr\u00e9ation litt\u00e9raire<br>9) Transposition des ha\u00efkus<br>10) Le Japon dans les arts et la litt\u00e9rature : r\u00e9alit\u00e9 ou mythe insulaire ?<br>Les communications pourront donner lieu \u00e0 publication.<br>Les propositions seront compos\u00e9es d\u2019un seul fichier intitul\u00e9 du nom de la personne r\u00e9pondant \u00e0 l\u2019appel ;<br>elles comporteront une courte biographie (une page maximum) et la proposition de communication (3<br>000 signes maximum espaces compris). Elles pourront \u00eatre r\u00e9dig\u00e9es en fran\u00e7ais ou en anglais.<br>Date limite de l\u2019envoi \u00e0 l\u2019adresse <a href=\"mailto:jejaponphotobrit@gmail.com\">jejaponphotobrit@gmail.com<\/a> : 1er juin 2025.<\/p>\n\n\n\n<p>Appel \u00e0 communication \u00e0 t\u00e9l\u00e9charger <em><a href=\"http:\/\/sfej.asso.fr\/wp-content\/uploads\/2025\/05\/Appel-a-communications-Call-for-papers.pdf\" data-type=\"link\" data-id=\"http:\/\/sfej.asso.fr\/wp-content\/uploads\/2025\/05\/Appel-a-communications-Call-for-papers.pdf\">sur ce lien<\/a><\/em>.<\/p>\n","protected":false},"excerpt":{"rendered":"<p>Le lyc\u00e9e Champollion, en lien avec l\u2019Universit\u00e9 Grenoble Alpes, inaugure un cycle de journ\u00e9esd\u2019\u00e9tude internatioonales autour des diff\u00e9rentes th\u00e9matiques et techniques li\u00e9es \u00e0 la photographie deMichael Kenna (1953-\u2026), photographe britannique expos\u00e9 dans le monde entier.Cette premi\u00e8re journ\u00e9e d\u2019\u00e9tude vise \u00e0&hellip;&nbsp;<a href=\"http:\/\/sfej.asso.fr\/?p=7559\" class=\"more-link\">Lire la suite<\/a><\/p>\n","protected":false},"author":3,"featured_media":0,"comment_status":"closed","ping_status":"closed","sticky":false,"template":"","format":"standard","meta":{"_EventAllDay":false,"_EventTimezone":"","_EventStartDate":"","_EventEndDate":"","_EventStartDateUTC":"","_EventEndDateUTC":"","_EventShowMap":false,"_EventShowMapLink":false,"_EventURL":"","_EventCost":"","_EventCostDescription":"","_EventCurrencySymbol":"","_EventCurrencyCode":"","_EventCurrencyPosition":"","_EventDateTimeSeparator":"","_EventTimeRangeSeparator":"","_EventOrganizerID":[],"_EventVenueID":[],"_OrganizerEmail":"","_OrganizerPhone":"","_OrganizerWebsite":"","_VenueAddress":"","_VenueCity":"","_VenueCountry":"","_VenueProvince":"","_VenueState":"","_VenueZip":"","_VenuePhone":"","_VenueURL":"","_VenueStateProvince":"","_VenueLat":"","_VenueLng":"","_VenueShowMap":false,"_VenueShowMapLink":false,"footnotes":""},"categories":[28,29],"tags":[],"class_list":["post-7559","post","type-post","status-publish","format-standard","hentry","category-actualites","category-appel"],"_links":{"self":[{"href":"http:\/\/sfej.asso.fr\/index.php?rest_route=\/wp\/v2\/posts\/7559","targetHints":{"allow":["GET"]}}],"collection":[{"href":"http:\/\/sfej.asso.fr\/index.php?rest_route=\/wp\/v2\/posts"}],"about":[{"href":"http:\/\/sfej.asso.fr\/index.php?rest_route=\/wp\/v2\/types\/post"}],"author":[{"embeddable":true,"href":"http:\/\/sfej.asso.fr\/index.php?rest_route=\/wp\/v2\/users\/3"}],"replies":[{"embeddable":true,"href":"http:\/\/sfej.asso.fr\/index.php?rest_route=%2Fwp%2Fv2%2Fcomments&post=7559"}],"version-history":[{"count":2,"href":"http:\/\/sfej.asso.fr\/index.php?rest_route=\/wp\/v2\/posts\/7559\/revisions"}],"predecessor-version":[{"id":7562,"href":"http:\/\/sfej.asso.fr\/index.php?rest_route=\/wp\/v2\/posts\/7559\/revisions\/7562"}],"wp:attachment":[{"href":"http:\/\/sfej.asso.fr\/index.php?rest_route=%2Fwp%2Fv2%2Fmedia&parent=7559"}],"wp:term":[{"taxonomy":"category","embeddable":true,"href":"http:\/\/sfej.asso.fr\/index.php?rest_route=%2Fwp%2Fv2%2Fcategories&post=7559"},{"taxonomy":"post_tag","embeddable":true,"href":"http:\/\/sfej.asso.fr\/index.php?rest_route=%2Fwp%2Fv2%2Ftags&post=7559"}],"curies":[{"name":"wp","href":"https:\/\/api.w.org\/{rel}","templated":true}]}}