{"id":7567,"date":"2025-05-10T21:33:57","date_gmt":"2025-05-10T19:33:57","guid":{"rendered":"http:\/\/sfej.asso.fr\/?p=7567"},"modified":"2025-05-10T21:33:57","modified_gmt":"2025-05-10T19:33:57","slug":"seminaire-lobstacle-lexical-comment-dire-la-comparaison-en-education-entre-la-france-et-le-japon-vendredi-16-mai-2025-inalco","status":"publish","type":"post","link":"http:\/\/sfej.asso.fr\/?p=7567","title":{"rendered":"[S\u00e9minaire] \u00ab\u00a0L&rsquo;obstacle lexical : comment dire la comparaison en \u00e9ducation entre la France et le Japon ?\u00a0\u00bb, vendredi 16 mai 2025, Inalco"},"content":{"rendered":"\n<p>Dans le cadre du s\u00e9minaire du groupe \u00c9ducation, Enfance-s et Soci\u00e9t\u00e9 en Asie Orientale (EESAO) de l\u2019IFRAE, qui se tiendra ce vendredi 16 mai (14h-17h) \u00e0 l\u2019Inalco (salle 5.21) et sur Zoom, Christian Galan donnera une intervention intitul\u00e9e \u00ab L\u2019obstacle lexical : comment dire la comparaison en \u00e9ducation entre la France et le Japon ? \u00bb.<\/p>\n\n\n\n<p>\u00c0 partir d\u2019exemples lexicaux concrets et de situations v\u00e9cues, notamment au cours de ses ann\u00e9es de charg\u00e9 de mission d\u2019inspection g\u00e9n\u00e9rale pour le japonais, Christian Galan \u00e9voquera \u00e0 cette occasion les malentendus pouvant survenir lors de la comparaison des syst\u00e8mes \u00e9ducatifs fran\u00e7ais et japonais.<\/p>\n\n\n\n<p class=\"has-text-align-center\"><strong>Christian Galan (universit\u00e9 Toulouse-Jean Jaur\u00e8s, IFRAE)<\/strong><br><strong>\u00ab L\u2019obstacle lexical : comment dire la comparaison en \u00e9ducation entre la France et le Japon ? \u00bb<\/strong><br><strong>Vendredi 16 mai 2025 (Inalco \u2013 P\u00f4le des langues et civilisations, salle 5.21 \u2013 14h-17h)<\/strong><\/p>\n\n\n\n<p>R\u00e9sum\u00e9 : L\u2019\u00e9ducation compar\u00e9e est un domaine cl\u00e9 des sciences de l\u2019\u00e9ducation depuis longtemps. Avec les enqu\u00eates internationales comme TIMSS et PISA, elle est devenue un outil important pour justifier les r\u00e9formes \u00e9ducatives. Cependant, comparer des syst\u00e8mes \u00e9ducatifs diff\u00e9rents soul\u00e8ve de nombreuses questions, notamment sur la pertinence de comparer des r\u00e9alit\u00e9s issues d\u2019histoires et de contextes vari\u00e9s. Si beaucoup de recherches se sont pench\u00e9es sur les m\u00e9thodes comparatives et l\u2019analyse des r\u00e9sultats, une question a cependant \u00e9t\u00e9 peu abord\u00e9e jusqu\u2019ici : la question lexicale. Comment en effet produire des r\u00e9sultats comparatifs quand les mots qui nomment les \u00e9l\u00e9ments participant de la comparaison recouvrent sous leur apparente proximit\u00e9 des r\u00e9alit\u00e9s diff\u00e9rentes ? Comment ensuite \u00ab dire \u00bb les r\u00e9sultats de ces comparaisons avec des mots qui, d\u2019une langue \u00e0 l\u2019autre, ne disent pas la m\u00eame chose pour leurs locuteurs respectifs ? Ces questions, envisag\u00e9es \u00e0 partir de la comparaison entre la France et le Japon, seront au centre de cette intervention.<\/p>\n\n\n\n<p>Plus d\u2019informations dans le programme en pi\u00e8ce jointe et sur le site du groupe :&nbsp;<a href=\"https:\/\/eesao.hypotheses.org\/3676\">https:\/\/eesao.hypotheses.org\/3676<\/a>&nbsp;<\/p>\n\n\n\n<p>Vous \u00eates chaleureusement invit\u00e9.e.s \u00e0 cette derni\u00e8re s\u00e9ance du s\u00e9minaire, qui conclura les activit\u00e9s du groupe EESAO pour cette ann\u00e9e.<\/p>\n\n\n\n<p>Il est \u00e9galement possible d\u2019y assister en distanciel, en contactant :&nbsp;<a href=\"mailto:christian.galan@univ-tlse2.fr\">christian.galan@univ-tlse2.fr<\/a>&nbsp;et&nbsp;<a href=\"mailto:marine.deplechin@inalco.fr\">marine.deplechin@inalco.fr<\/a>&nbsp;<\/p>\n\n\n<div class=\"wp-block-image\">\n<figure class=\"aligncenter size-full\"><img loading=\"lazy\" decoding=\"async\" width=\"1282\" height=\"1812\" src=\"http:\/\/sfej.asso.fr\/wp-content\/uploads\/2025\/05\/Seminaire-16-mai-2025.jpg\" alt=\"\" class=\"wp-image-7568\" srcset=\"http:\/\/sfej.asso.fr\/wp-content\/uploads\/2025\/05\/Seminaire-16-mai-2025.jpg 1282w, http:\/\/sfej.asso.fr\/wp-content\/uploads\/2025\/05\/Seminaire-16-mai-2025-212x300.jpg 212w, http:\/\/sfej.asso.fr\/wp-content\/uploads\/2025\/05\/Seminaire-16-mai-2025-724x1024.jpg 724w, http:\/\/sfej.asso.fr\/wp-content\/uploads\/2025\/05\/Seminaire-16-mai-2025-768x1086.jpg 768w, http:\/\/sfej.asso.fr\/wp-content\/uploads\/2025\/05\/Seminaire-16-mai-2025-1087x1536.jpg 1087w, http:\/\/sfej.asso.fr\/wp-content\/uploads\/2025\/05\/Seminaire-16-mai-2025-191x270.jpg 191w\" sizes=\"auto, (max-width: 1282px) 100vw, 1282px\" \/><figcaption class=\"wp-element-caption\">Screenshot<\/figcaption><\/figure>\n<\/div>","protected":false},"excerpt":{"rendered":"<p>Dans le cadre du s\u00e9minaire du groupe \u00c9ducation, Enfance-s et Soci\u00e9t\u00e9 en Asie Orientale (EESAO) de l\u2019IFRAE, qui se tiendra ce vendredi 16 mai (14h-17h) \u00e0 l\u2019Inalco (salle 5.21) et sur Zoom, Christian Galan donnera une intervention intitul\u00e9e \u00ab L\u2019obstacle&hellip;&nbsp;<a href=\"http:\/\/sfej.asso.fr\/?p=7567\" class=\"more-link\">Lire la suite<\/a><\/p>\n","protected":false},"author":3,"featured_media":0,"comment_status":"closed","ping_status":"closed","sticky":false,"template":"","format":"standard","meta":{"_EventAllDay":false,"_EventTimezone":"","_EventStartDate":"","_EventEndDate":"","_EventStartDateUTC":"","_EventEndDateUTC":"","_EventShowMap":false,"_EventShowMapLink":false,"_EventURL":"","_EventCost":"","_EventCostDescription":"","_EventCurrencySymbol":"","_EventCurrencyCode":"","_EventCurrencyPosition":"","_EventDateTimeSeparator":"","_EventTimeRangeSeparator":"","_EventOrganizerID":[],"_EventVenueID":[],"_OrganizerEmail":"","_OrganizerPhone":"","_OrganizerWebsite":"","_VenueAddress":"","_VenueCity":"","_VenueCountry":"","_VenueProvince":"","_VenueState":"","_VenueZip":"","_VenuePhone":"","_VenueURL":"","_VenueStateProvince":"","_VenueLat":"","_VenueLng":"","_VenueShowMap":false,"_VenueShowMapLink":false,"footnotes":""},"categories":[28,34],"tags":[],"class_list":["post-7567","post","type-post","status-publish","format-standard","hentry","category-actualites","category-seminaire"],"_links":{"self":[{"href":"http:\/\/sfej.asso.fr\/index.php?rest_route=\/wp\/v2\/posts\/7567","targetHints":{"allow":["GET"]}}],"collection":[{"href":"http:\/\/sfej.asso.fr\/index.php?rest_route=\/wp\/v2\/posts"}],"about":[{"href":"http:\/\/sfej.asso.fr\/index.php?rest_route=\/wp\/v2\/types\/post"}],"author":[{"embeddable":true,"href":"http:\/\/sfej.asso.fr\/index.php?rest_route=\/wp\/v2\/users\/3"}],"replies":[{"embeddable":true,"href":"http:\/\/sfej.asso.fr\/index.php?rest_route=%2Fwp%2Fv2%2Fcomments&post=7567"}],"version-history":[{"count":1,"href":"http:\/\/sfej.asso.fr\/index.php?rest_route=\/wp\/v2\/posts\/7567\/revisions"}],"predecessor-version":[{"id":7569,"href":"http:\/\/sfej.asso.fr\/index.php?rest_route=\/wp\/v2\/posts\/7567\/revisions\/7569"}],"wp:attachment":[{"href":"http:\/\/sfej.asso.fr\/index.php?rest_route=%2Fwp%2Fv2%2Fmedia&parent=7567"}],"wp:term":[{"taxonomy":"category","embeddable":true,"href":"http:\/\/sfej.asso.fr\/index.php?rest_route=%2Fwp%2Fv2%2Fcategories&post=7567"},{"taxonomy":"post_tag","embeddable":true,"href":"http:\/\/sfej.asso.fr\/index.php?rest_route=%2Fwp%2Fv2%2Ftags&post=7567"}],"curies":[{"name":"wp","href":"https:\/\/api.w.org\/{rel}","templated":true}]}}