{"id":7575,"date":"2025-05-13T11:14:01","date_gmt":"2025-05-13T09:14:01","guid":{"rendered":"http:\/\/sfej.asso.fr\/?p=7575"},"modified":"2025-05-13T11:14:01","modified_gmt":"2025-05-13T09:14:01","slug":"conference-debat-les-grands-projets-nationaux-de-reconstruction-patrimoniale-institut-francais-de-recherche-sur-le-japon-tokyo-15-mai-2025","status":"publish","type":"post","link":"http:\/\/sfej.asso.fr\/?p=7575","title":{"rendered":"[Conf\u00e9rence-d\u00e9bat] \u00ab\u00a0Les grands projets nationaux de reconstruction patrimoniale\u00a0\u00bb, Institut fran\u00e7ais de recherche sur le Japon, Tokyo, 15 mai 2025"},"content":{"rendered":"\n<p>L\u2019Institut fran\u00e7ais de recherche sur le Japon \u00e0 la Maison franco-japonaise a le plaisir de vous inviter \u00e0 la conf\u00e9rence-d\u00e9bat \u00ab\u00a0<strong>Les grands projets nationaux de reconstruction patrimoniale<\/strong>\u00a0\u00bb\u00a0avec Pascal LI\u00c9VAUX (minist\u00e8re de la Culture), Makoto MOTONAKA (directeur, Nara National Research Institute for Cultural Properties).<\/p>\n\n\n\n<p><br>La premi\u00e8re s\u00e9ance du\u00a0<a href=\"https:\/\/www.mfj.gr.jp\/actualite\/cycle-de-conferences-la-reconstruction-du-patrimoine-bati-regards-croises-franco-japonais-sur-les-cultures-architecturales-et-patrimoniales\/\">cycle de conf\u00e9rences-d\u00e9bat international<\/a>\u00a0\u00ab La reconstruction du patrimoine b\u00e2ti \u00bb sera d\u00e9di\u00e9e aux grands projets nationaux de reconstruction patrimoniale en France et au Japon. Ces derni\u00e8res ann\u00e9es, les deux pays ont connu des \u00e9v\u00e9nements importants projetant la pratique de la reconstruction sur le devant de la sc\u00e8ne. En 2019 en France, le tristement c\u00e9l\u00e8bre incendie de la cath\u00e9drale Notre-Dame de Paris a entra\u00een\u00e9 la mise en place d\u2019un chantier de restauration exceptionnel. Les experts et scientifiques de tout le pays se sont coordonn\u00e9s pour faire rena\u00eetre le b\u00e2timent qui a rouvert ses portes en d\u00e9cembre 2024.<br><strong>Date : Jeudi 15 mai de 18h \u00e0 20h<\/strong><br><strong>Lieu : Auditorium de la Maison franco-japonaise<\/strong><\/p>\n\n\n\n<p><br><strong>Pascal Li\u00e9vaux<\/strong>\u00a0(minist\u00e8re de la Culture) nous pr\u00e9sentera ce projet d\u2019une ampleur in\u00e9dite, qui a permis de requestionner les pratiques patrimoniales en France, en particulier celles associ\u00e9es \u00e0 la reconstruction. Au Japon, les chantiers de reconstruction patrimoniale sont plus nombreux et ancr\u00e9s dans une tradition ancienne et plurielle, mais la complexit\u00e9 de ces projets entra\u00eene \u00e9galement le questionnement des pratiques. Le cas des sites de l\u2019ancienne capitale imp\u00e9riale de Nara est particuli\u00e8rement int\u00e9ressant, tant par son importance historique et symbolique, que par ses enjeux techniques et scientifiques.\u00a0<strong>Motonaka Makoto<\/strong>, directeur du Nara National Research Institute for Cultural Properties, nous pr\u00e9sentera notamment les contraintes et les cadres institutionnels nationaux et internationaux associ\u00e9s \u00e0 ce site inscrit sur la liste de Patrimoine Mondial de l\u2019UNESCO.<\/p>\n","protected":false},"excerpt":{"rendered":"<p>L\u2019Institut fran\u00e7ais de recherche sur le Japon \u00e0 la Maison franco-japonaise a le plaisir de vous inviter \u00e0 la conf\u00e9rence-d\u00e9bat \u00ab\u00a0Les grands projets nationaux de reconstruction patrimoniale\u00a0\u00bb\u00a0avec Pascal LI\u00c9VAUX (minist\u00e8re de la Culture), Makoto MOTONAKA (directeur, Nara National Research Institute&hellip;&nbsp;<a href=\"http:\/\/sfej.asso.fr\/?p=7575\" class=\"more-link\">Lire la suite<\/a><\/p>\n","protected":false},"author":3,"featured_media":0,"comment_status":"closed","ping_status":"closed","sticky":false,"template":"","format":"standard","meta":{"_EventAllDay":false,"_EventTimezone":"","_EventStartDate":"","_EventEndDate":"","_EventStartDateUTC":"","_EventEndDateUTC":"","_EventShowMap":false,"_EventShowMapLink":false,"_EventURL":"","_EventCost":"","_EventCostDescription":"","_EventCurrencySymbol":"","_EventCurrencyCode":"","_EventCurrencyPosition":"","_EventDateTimeSeparator":"","_EventTimeRangeSeparator":"","_EventOrganizerID":[],"_EventVenueID":[],"_OrganizerEmail":"","_OrganizerPhone":"","_OrganizerWebsite":"","_VenueAddress":"","_VenueCity":"","_VenueCountry":"","_VenueProvince":"","_VenueState":"","_VenueZip":"","_VenuePhone":"","_VenueURL":"","_VenueStateProvince":"","_VenueLat":"","_VenueLng":"","_VenueShowMap":false,"_VenueShowMapLink":false,"footnotes":""},"categories":[28,31],"tags":[],"class_list":["post-7575","post","type-post","status-publish","format-standard","hentry","category-actualites","category-conference"],"_links":{"self":[{"href":"http:\/\/sfej.asso.fr\/index.php?rest_route=\/wp\/v2\/posts\/7575","targetHints":{"allow":["GET"]}}],"collection":[{"href":"http:\/\/sfej.asso.fr\/index.php?rest_route=\/wp\/v2\/posts"}],"about":[{"href":"http:\/\/sfej.asso.fr\/index.php?rest_route=\/wp\/v2\/types\/post"}],"author":[{"embeddable":true,"href":"http:\/\/sfej.asso.fr\/index.php?rest_route=\/wp\/v2\/users\/3"}],"replies":[{"embeddable":true,"href":"http:\/\/sfej.asso.fr\/index.php?rest_route=%2Fwp%2Fv2%2Fcomments&post=7575"}],"version-history":[{"count":1,"href":"http:\/\/sfej.asso.fr\/index.php?rest_route=\/wp\/v2\/posts\/7575\/revisions"}],"predecessor-version":[{"id":7576,"href":"http:\/\/sfej.asso.fr\/index.php?rest_route=\/wp\/v2\/posts\/7575\/revisions\/7576"}],"wp:attachment":[{"href":"http:\/\/sfej.asso.fr\/index.php?rest_route=%2Fwp%2Fv2%2Fmedia&parent=7575"}],"wp:term":[{"taxonomy":"category","embeddable":true,"href":"http:\/\/sfej.asso.fr\/index.php?rest_route=%2Fwp%2Fv2%2Fcategories&post=7575"},{"taxonomy":"post_tag","embeddable":true,"href":"http:\/\/sfej.asso.fr\/index.php?rest_route=%2Fwp%2Fv2%2Ftags&post=7575"}],"curies":[{"name":"wp","href":"https:\/\/api.w.org\/{rel}","templated":true}]}}