{"id":7581,"date":"2025-05-13T14:02:37","date_gmt":"2025-05-13T12:02:37","guid":{"rendered":"http:\/\/sfej.asso.fr\/?p=7581"},"modified":"2025-05-13T14:04:48","modified_gmt":"2025-05-13T12:04:48","slug":"appel-a-communication-journee-detude-nouveaux-espaces-de-la-critique-propositions-a-envoyer-avant-le-29-juin-2025","status":"publish","type":"post","link":"http:\/\/sfej.asso.fr\/?p=7581","title":{"rendered":"[Appel \u00e0 communication] Journ\u00e9e d&rsquo;\u00e9tude \u00ab\u00a0Nouveaux espaces de la critique\u00a0\u00bb, Universit\u00e9 Bordeaux Montaigne, propositions \u00e0 envoyer avant le 29 juin 2025"},"content":{"rendered":"\n<p>Appel \u00e0 communications pour une Journ\u00e9e d\u2019\u00e9tude portant le titre \u00ab\u00a0Nouveaux espaces de la critique\u00a0\u00bb, organis\u00e9e le 7 novembre 2025 \u00e0 l&rsquo;Universit\u00e9 Bordeaux Montaigne par D2iA (Universit\u00e9 Bordeaux Montaigne, La Rochelle Universit\u00e9) et l\u2019IFRAE (Inalco, Universit\u00e9 Paris Cit\u00e9).<\/p>\n\n\n\n<p>Les propositions devront \u00eatre constitu\u00e9es d\u2019un titre, d\u2019un r\u00e9sum\u00e9 d\u2019environ 300 mots, de l\u2019affiliation si applicable, ainsi que d\u2019une adresse mail de contact, \u00e0 faire parvenir \u00e0 l\u2019adresse <a href=\"mailto:necenasie@gmail.com\">necenasie@gmail.com<\/a> jusqu\u2019au 29 juin 2025.<\/p>\n\n\n\n<p><strong><em><a href=\"http:\/\/sfej.asso.fr\/wp-content\/uploads\/2025\/05\/AAC_Nouveaux-espaces-de-la-critique.pdf\" data-type=\"link\" data-id=\"http:\/\/sfej.asso.fr\/wp-content\/uploads\/2025\/05\/AAC_Nouveaux-espaces-de-la-critique.pdf\">Appel \u00e0 t\u00e9l\u00e9charger sur ce lien.<\/a><\/em><\/strong><\/p>\n\n\n<div class=\"wp-block-image\">\n<figure class=\"aligncenter size-full\"><img loading=\"lazy\" decoding=\"async\" width=\"1278\" height=\"1808\" src=\"http:\/\/sfej.asso.fr\/wp-content\/uploads\/2025\/05\/D2IA.jpg\" alt=\"\" class=\"wp-image-7586\" srcset=\"http:\/\/sfej.asso.fr\/wp-content\/uploads\/2025\/05\/D2IA.jpg 1278w, http:\/\/sfej.asso.fr\/wp-content\/uploads\/2025\/05\/D2IA-212x300.jpg 212w, http:\/\/sfej.asso.fr\/wp-content\/uploads\/2025\/05\/D2IA-724x1024.jpg 724w, http:\/\/sfej.asso.fr\/wp-content\/uploads\/2025\/05\/D2IA-768x1086.jpg 768w, http:\/\/sfej.asso.fr\/wp-content\/uploads\/2025\/05\/D2IA-1086x1536.jpg 1086w, http:\/\/sfej.asso.fr\/wp-content\/uploads\/2025\/05\/D2IA-191x270.jpg 191w\" sizes=\"auto, (max-width: 1278px) 100vw, 1278px\" \/><figcaption class=\"wp-element-caption\">Screenshot<\/figcaption><\/figure>\n<\/div>","protected":false},"excerpt":{"rendered":"<p>Appel \u00e0 communications pour une Journ\u00e9e d\u2019\u00e9tude portant le titre \u00ab\u00a0Nouveaux espaces de la critique\u00a0\u00bb, organis\u00e9e le 7 novembre 2025 \u00e0 l&rsquo;Universit\u00e9 Bordeaux Montaigne par D2iA (Universit\u00e9 Bordeaux Montaigne, La Rochelle Universit\u00e9) et l\u2019IFRAE (Inalco, Universit\u00e9 Paris Cit\u00e9). Les propositions&hellip;&nbsp;<a href=\"http:\/\/sfej.asso.fr\/?p=7581\" class=\"more-link\">Lire la suite<\/a><\/p>\n","protected":false},"author":3,"featured_media":0,"comment_status":"closed","ping_status":"closed","sticky":false,"template":"","format":"standard","meta":{"_EventAllDay":false,"_EventTimezone":"","_EventStartDate":"","_EventEndDate":"","_EventStartDateUTC":"","_EventEndDateUTC":"","_EventShowMap":false,"_EventShowMapLink":false,"_EventURL":"","_EventCost":"","_EventCostDescription":"","_EventCurrencySymbol":"","_EventCurrencyCode":"","_EventCurrencyPosition":"","_EventDateTimeSeparator":"","_EventTimeRangeSeparator":"","_EventOrganizerID":[],"_EventVenueID":[],"_OrganizerEmail":"","_OrganizerPhone":"","_OrganizerWebsite":"","_VenueAddress":"","_VenueCity":"","_VenueCountry":"","_VenueProvince":"","_VenueState":"","_VenueZip":"","_VenuePhone":"","_VenueURL":"","_VenueStateProvince":"","_VenueLat":"","_VenueLng":"","_VenueShowMap":false,"_VenueShowMapLink":false,"footnotes":""},"categories":[28,29],"tags":[],"class_list":["post-7581","post","type-post","status-publish","format-standard","hentry","category-actualites","category-appel"],"_links":{"self":[{"href":"http:\/\/sfej.asso.fr\/index.php?rest_route=\/wp\/v2\/posts\/7581","targetHints":{"allow":["GET"]}}],"collection":[{"href":"http:\/\/sfej.asso.fr\/index.php?rest_route=\/wp\/v2\/posts"}],"about":[{"href":"http:\/\/sfej.asso.fr\/index.php?rest_route=\/wp\/v2\/types\/post"}],"author":[{"embeddable":true,"href":"http:\/\/sfej.asso.fr\/index.php?rest_route=\/wp\/v2\/users\/3"}],"replies":[{"embeddable":true,"href":"http:\/\/sfej.asso.fr\/index.php?rest_route=%2Fwp%2Fv2%2Fcomments&post=7581"}],"version-history":[{"count":4,"href":"http:\/\/sfej.asso.fr\/index.php?rest_route=\/wp\/v2\/posts\/7581\/revisions"}],"predecessor-version":[{"id":7587,"href":"http:\/\/sfej.asso.fr\/index.php?rest_route=\/wp\/v2\/posts\/7581\/revisions\/7587"}],"wp:attachment":[{"href":"http:\/\/sfej.asso.fr\/index.php?rest_route=%2Fwp%2Fv2%2Fmedia&parent=7581"}],"wp:term":[{"taxonomy":"category","embeddable":true,"href":"http:\/\/sfej.asso.fr\/index.php?rest_route=%2Fwp%2Fv2%2Fcategories&post=7581"},{"taxonomy":"post_tag","embeddable":true,"href":"http:\/\/sfej.asso.fr\/index.php?rest_route=%2Fwp%2Fv2%2Ftags&post=7581"}],"curies":[{"name":"wp","href":"https:\/\/api.w.org\/{rel}","templated":true}]}}