{"id":7588,"date":"2025-05-13T17:37:43","date_gmt":"2025-05-13T15:37:43","guid":{"rendered":"http:\/\/sfej.asso.fr\/?p=7588"},"modified":"2025-05-13T17:37:44","modified_gmt":"2025-05-13T15:37:44","slug":"colloque-international-centre-et-peripheries-au-japon-universite-de-zurich-2-et-3-juin-2025","status":"publish","type":"post","link":"http:\/\/sfej.asso.fr\/?p=7588","title":{"rendered":"[Colloque international] \u00ab\u00a0Centre et p\u00e9riph\u00e9ries au Japon\u00a0\u00bb, Universit\u00e9 de Z\u00fcrich, 2 et 3 juin 2025"},"content":{"rendered":"\n<p>Claire-Akiko Brisset a le plaisir de vous annoncer la tenue d\u2019un colloque international sur le th\u00e8me \u00ab Centre et p\u00e9riph\u00e9ries au Japon \u00bb, organis\u00e9 par l\u2019Universit\u00e9 de Z\u00fcrich (Asien-Orient-Institut), la Soci\u00e9t\u00e9 Suisse Asie (Schweizerische Asiengesellschaft) et l\u2019Universit\u00e9 de Gen\u00e8ve (Unit\u00e9 d\u2019\u00e9tudes japonaises, D\u00e9partement d\u2019\u00e9tudes est-asiatiques), les 2 et 3 juin 2025, \u00e0 l&rsquo;Universit\u00e9 de Z\u00fcrich. Le programme est disponible en cliquant sur le lien ci-dessous :<\/p>\n\n\n\n<p><a href=\"https:\/\/www.aoi.uzh.ch\/de\/institut\/events\/conferences\/0602centersandperipheries.html\">https:\/\/www.aoi.uzh.ch\/de\/institut\/events\/conferences\/0602centersandperipheries.html<\/a><\/p>\n\n\n\n<p>Toute personne int\u00e9ress\u00e9e est la bienvenue.<\/p>\n","protected":false},"excerpt":{"rendered":"<p>Claire-Akiko Brisset a le plaisir de vous annoncer la tenue d\u2019un colloque international sur le th\u00e8me \u00ab Centre et p\u00e9riph\u00e9ries au Japon \u00bb, organis\u00e9 par l\u2019Universit\u00e9 de Z\u00fcrich (Asien-Orient-Institut), la Soci\u00e9t\u00e9 Suisse Asie (Schweizerische Asiengesellschaft) et l\u2019Universit\u00e9 de Gen\u00e8ve (Unit\u00e9&hellip;&nbsp;<a href=\"http:\/\/sfej.asso.fr\/?p=7588\" class=\"more-link\">Lire la suite<\/a><\/p>\n","protected":false},"author":3,"featured_media":0,"comment_status":"closed","ping_status":"closed","sticky":false,"template":"","format":"standard","meta":{"_EventAllDay":false,"_EventTimezone":"","_EventStartDate":"","_EventEndDate":"","_EventStartDateUTC":"","_EventEndDateUTC":"","_EventShowMap":false,"_EventShowMapLink":false,"_EventURL":"","_EventCost":"","_EventCostDescription":"","_EventCurrencySymbol":"","_EventCurrencyCode":"","_EventCurrencyPosition":"","_EventDateTimeSeparator":"","_EventTimeRangeSeparator":"","_EventOrganizerID":[],"_EventVenueID":[],"_OrganizerEmail":"","_OrganizerPhone":"","_OrganizerWebsite":"","_VenueAddress":"","_VenueCity":"","_VenueCountry":"","_VenueProvince":"","_VenueState":"","_VenueZip":"","_VenuePhone":"","_VenueURL":"","_VenueStateProvince":"","_VenueLat":"","_VenueLng":"","_VenueShowMap":false,"_VenueShowMapLink":false,"footnotes":""},"categories":[28,30],"tags":[],"class_list":["post-7588","post","type-post","status-publish","format-standard","hentry","category-actualites","category-colloque"],"_links":{"self":[{"href":"http:\/\/sfej.asso.fr\/index.php?rest_route=\/wp\/v2\/posts\/7588","targetHints":{"allow":["GET"]}}],"collection":[{"href":"http:\/\/sfej.asso.fr\/index.php?rest_route=\/wp\/v2\/posts"}],"about":[{"href":"http:\/\/sfej.asso.fr\/index.php?rest_route=\/wp\/v2\/types\/post"}],"author":[{"embeddable":true,"href":"http:\/\/sfej.asso.fr\/index.php?rest_route=\/wp\/v2\/users\/3"}],"replies":[{"embeddable":true,"href":"http:\/\/sfej.asso.fr\/index.php?rest_route=%2Fwp%2Fv2%2Fcomments&post=7588"}],"version-history":[{"count":1,"href":"http:\/\/sfej.asso.fr\/index.php?rest_route=\/wp\/v2\/posts\/7588\/revisions"}],"predecessor-version":[{"id":7589,"href":"http:\/\/sfej.asso.fr\/index.php?rest_route=\/wp\/v2\/posts\/7588\/revisions\/7589"}],"wp:attachment":[{"href":"http:\/\/sfej.asso.fr\/index.php?rest_route=%2Fwp%2Fv2%2Fmedia&parent=7588"}],"wp:term":[{"taxonomy":"category","embeddable":true,"href":"http:\/\/sfej.asso.fr\/index.php?rest_route=%2Fwp%2Fv2%2Fcategories&post=7588"},{"taxonomy":"post_tag","embeddable":true,"href":"http:\/\/sfej.asso.fr\/index.php?rest_route=%2Fwp%2Fv2%2Ftags&post=7588"}],"curies":[{"name":"wp","href":"https:\/\/api.w.org\/{rel}","templated":true}]}}