{"id":7596,"date":"2025-05-14T17:16:32","date_gmt":"2025-05-14T15:16:32","guid":{"rendered":"http:\/\/sfej.asso.fr\/?p=7596"},"modified":"2025-05-14T17:19:40","modified_gmt":"2025-05-14T15:19:40","slug":"recrutements-postes-a-luniversite-grenoble-alpes-date-limite-de-reponse-3-juin-2025","status":"publish","type":"post","link":"http:\/\/sfej.asso.fr\/?p=7596","title":{"rendered":"[Recrutements] Postes \u00e0 l&rsquo;universit\u00e9 Grenoble Alpes, date limite de r\u00e9ponse 3 juin 2025"},"content":{"rendered":"\n<h2 class=\"wp-block-heading\">Poste de lecteur en japonais (f\/h)<\/h2>\n\n\n\n<p>Quotit\u00e9 de travail\u00a0:\u00a0 100% <br>Niveau d&#8217;emploi\u00a0:\u00a0 Enseignant.e <br>Dur\u00e9e du contrat\u00a0:\u00a0 Du 01 septembre 2025 au 31 ao\u00fbt 2026 <br>Date limite de r\u00e9ponse : 3 juin 2025<br>Localisation\u00a0:\u00a0 UFR SOCLE (SOci\u00e9t\u00e9, Cultures et Langues Etrang\u00e8res)<br>B\u00e2t. Stendhal P 1491, rue des R\u00e9sidences<br>38400 Saint-Martin-d&rsquo;H\u00e8res<\/p>\n\n\n\n<p><strong><em><a href=\"https:\/\/emploi.univ-grenoble-alpes.fr\/offres\/lecteurs-en-langues-etrangeres\/lecteur-en-japonais-f-h--1588416.kjsp?RH=TLK_LECTEURS\" data-type=\"link\" data-id=\"https:\/\/emploi.univ-grenoble-alpes.fr\/offres\/lecteurs-en-langues-etrangeres\/lecteur-en-japonais-f-h--1588416.kjsp?RH=TLK_LECTEURS\">Lien vers l&rsquo;offre.<\/a><\/em><\/strong><\/p>\n\n\n\n<h2 class=\"wp-block-heading\">Poste d&rsquo;enseignant en japonais (f\/h)<\/h2>\n\n\n\n<p>Quotit\u00e9 de travail\u00a0:\u00a0 100% <br>Niveau d&#8217;emploi\u00a0:\u00a0 Enseignant.e <br>Dur\u00e9e du contrat\u00a0:\u00a0 Du 01 septembre 2025 au 31 ao\u00fbt 2026 <br>Date limite de r\u00e9ponse : 3 juin 2025<br>Localisation\u00a0:\u00a0 UFR SOCLE (SOci\u00e9t\u00e9, Cultures et Langues Etrang\u00e8res)<br>B\u00e2t. Stendhal P 1491, rue des R\u00e9sidences<br>38400 Saint-Martin-d&rsquo;H\u00e8res<\/p>\n\n\n\n<p><strong><em><a href=\"https:\/\/emploi.univ-grenoble-alpes.fr\/offres\/enseignants-enseignants-chercheurs-contractuels\/enseignant-en-japonais-f-h--1588378.kjsp?RH=TLK_CDD_ENS\" data-type=\"link\" data-id=\"https:\/\/emploi.univ-grenoble-alpes.fr\/offres\/enseignants-enseignants-chercheurs-contractuels\/enseignant-en-japonais-f-h--1588378.kjsp?RH=TLK_CDD_ENS\">Lien vers l&rsquo;offre.<\/a><\/em><\/strong><\/p>\n","protected":false},"excerpt":{"rendered":"<p>Poste de lecteur en japonais (f\/h) Quotit\u00e9 de travail\u00a0:\u00a0 100% Niveau d&#8217;emploi\u00a0:\u00a0 Enseignant.e Dur\u00e9e du contrat\u00a0:\u00a0 Du 01 septembre 2025 au 31 ao\u00fbt 2026 Date limite de r\u00e9ponse : 3 juin 2025Localisation\u00a0:\u00a0 UFR SOCLE (SOci\u00e9t\u00e9, Cultures et Langues Etrang\u00e8res)B\u00e2t. Stendhal&hellip;&nbsp;<a href=\"http:\/\/sfej.asso.fr\/?p=7596\" class=\"more-link\">Lire la suite<\/a><\/p>\n","protected":false},"author":3,"featured_media":0,"comment_status":"closed","ping_status":"closed","sticky":false,"template":"","format":"standard","meta":{"_EventAllDay":false,"_EventTimezone":"","_EventStartDate":"","_EventEndDate":"","_EventStartDateUTC":"","_EventEndDateUTC":"","_EventShowMap":false,"_EventShowMapLink":false,"_EventURL":"","_EventCost":"","_EventCostDescription":"","_EventCurrencySymbol":"","_EventCurrencyCode":"","_EventCurrencyPosition":"","_EventDateTimeSeparator":"","_EventTimeRangeSeparator":"","_EventOrganizerID":[],"_EventVenueID":[],"_OrganizerEmail":"","_OrganizerPhone":"","_OrganizerWebsite":"","_VenueAddress":"","_VenueCity":"","_VenueCountry":"","_VenueProvince":"","_VenueState":"","_VenueZip":"","_VenuePhone":"","_VenueURL":"","_VenueStateProvince":"","_VenueLat":"","_VenueLng":"","_VenueShowMap":false,"_VenueShowMapLink":false,"footnotes":""},"categories":[28,33],"tags":[],"class_list":["post-7596","post","type-post","status-publish","format-standard","hentry","category-actualites","category-poste"],"_links":{"self":[{"href":"http:\/\/sfej.asso.fr\/index.php?rest_route=\/wp\/v2\/posts\/7596","targetHints":{"allow":["GET"]}}],"collection":[{"href":"http:\/\/sfej.asso.fr\/index.php?rest_route=\/wp\/v2\/posts"}],"about":[{"href":"http:\/\/sfej.asso.fr\/index.php?rest_route=\/wp\/v2\/types\/post"}],"author":[{"embeddable":true,"href":"http:\/\/sfej.asso.fr\/index.php?rest_route=\/wp\/v2\/users\/3"}],"replies":[{"embeddable":true,"href":"http:\/\/sfej.asso.fr\/index.php?rest_route=%2Fwp%2Fv2%2Fcomments&post=7596"}],"version-history":[{"count":3,"href":"http:\/\/sfej.asso.fr\/index.php?rest_route=\/wp\/v2\/posts\/7596\/revisions"}],"predecessor-version":[{"id":7601,"href":"http:\/\/sfej.asso.fr\/index.php?rest_route=\/wp\/v2\/posts\/7596\/revisions\/7601"}],"wp:attachment":[{"href":"http:\/\/sfej.asso.fr\/index.php?rest_route=%2Fwp%2Fv2%2Fmedia&parent=7596"}],"wp:term":[{"taxonomy":"category","embeddable":true,"href":"http:\/\/sfej.asso.fr\/index.php?rest_route=%2Fwp%2Fv2%2Fcategories&post=7596"},{"taxonomy":"post_tag","embeddable":true,"href":"http:\/\/sfej.asso.fr\/index.php?rest_route=%2Fwp%2Fv2%2Ftags&post=7596"}],"curies":[{"name":"wp","href":"https:\/\/api.w.org\/{rel}","templated":true}]}}