{"id":7602,"date":"2025-05-15T18:22:23","date_gmt":"2025-05-15T16:22:23","guid":{"rendered":"http:\/\/sfej.asso.fr\/?p=7602"},"modified":"2025-05-15T18:22:24","modified_gmt":"2025-05-15T16:22:24","slug":"journee-detude-1995-un-point-focal-pour-repenser-le-japon-contemporain-27-mai-2025-lyon","status":"publish","type":"post","link":"http:\/\/sfej.asso.fr\/?p=7602","title":{"rendered":"[Journ\u00e9e d&rsquo;\u00e9tude] \u00ab\u00a01995\u00a0\u00bb, un point focal pour repenser le Japon contemporain, 27 mai 2025, Lyon"},"content":{"rendered":"\n<p>Dans le cadre du cycle \u00ab L\u2019affaire Aum et l\u2019ann\u00e9e 1995 : un tournant pour le Japon contemporain \u00bb, nous organisons tr\u00e8s prochainement une journ\u00e9e d\u2019\u00e9tude centr\u00e9e sur l\u2019ann\u00e9e 1995 au Japon.<\/p>\n\n\n\n<p>Pr\u00e9sentation de la journ\u00e9e d\u2019\u00e9tude :&nbsp;<\/p>\n\n\n\n<p>L\u2019ann\u00e9e 1995 est souvent trait\u00e9e comme un tournant dans l\u2019histoire du Japon contemporain. Le pays a d\u2019abord \u00e9t\u00e9 frapp\u00e9 par plusieurs \u00e9v\u00e9nements marquants comme le s\u00e9isme de K\u014dbe (Hanshin Awaji daishinsai) en janvier et les attentats perp\u00e9tr\u00e9s par la secte Aum dans le m\u00e9tro \u00e0 Tokyo en mars. Il est aussi touch\u00e9 par une crise depuis l\u2019\u00e9clatement de la bulle \u00e9conomique au d\u00e9but de la d\u00e9cennie qui a pour cons\u00e9quence une remise en cause du mod\u00e8le social et \u00e9conomique en vigueur jusqu\u2019alors. Beaucoup de discours ont \u00e9t\u00e9 produits sur le changement de paradigme initi\u00e9 autour de 1995 sur la post-modernit\u00e9 et\/ou la soci\u00e9t\u00e9 post-industrielle, dans les domaines historique, \u00e9conomique, sociologique, philosophique et culturel. Nous faisons l\u2019hypoth\u00e8se que 1995 constitue une matrice qui a conditionn\u00e9 les transformations ult\u00e9rieures de la soci\u00e9t\u00e9 japonaise, tout en constituant une \u00ab bo\u00eete noire \u00bb, c&rsquo;est-\u00e0-dire objet d\u2019un refoulement plus ou moins conscient. Y a-t-il un \u00ab avant \u00bb et un \u00ab apr\u00e8s \u00bb cristallis\u00e9s autour de cette ann\u00e9e ? Si oui, pour quels changements ? Ne reste-t-il pas, malgr\u00e9 tout, des continuit\u00e9s derri\u00e8re cette fa\u00e7ade de \u00ab drames \u00bb m\u00e9diatis\u00e9s caract\u00e9risant cette p\u00e9riode ? Quelles le\u00e7ons peut-on tirer de discours et d\u2019\u00e9tudes produites sur cette p\u00e9riode pour \u00e9clairer et repenser le Japon contemporain, voire le monde d\u2019aujourd\u2019hui ?<\/p>\n\n\n\n<p>Le but de cette journ\u00e9e d\u2019\u00e9tude, organis\u00e9e 30 ans apr\u00e8s 1995, est d\u2019\u00e9tablir une synth\u00e8se sur cette ann\u00e9e et d\u2019en extraire l\u2019h\u00e9ritage laiss\u00e9 dans le Japon contemporain. La journ\u00e9e est coupl\u00e9e avec celle qui a pr\u00e9c\u00e8d\u00e9 \u00e0 Paris le 20 mars dernier : \u201cL\u2019h\u00e9ritage de l\u2019affaire Aum \u00e0 la soci\u00e9t\u00e9 japonaise : 30 ans apr\u00e8s les attentats au gaz sarin du m\u00e9tro de Tokyo\u201d. Les deux manifestations r\u00e9interrogent des ph\u00e9nom\u00e8nes et des changements marquant l\u2019ann\u00e9e (ou les ann\u00e9es) 1995 dans une perspective transdisciplinaire commune.&nbsp;<\/p>\n\n\n\n<ul class=\"wp-block-list\">\n<li>Date : le mardi 27 mai 2025<\/li>\n\n\n\n<li>Lieu : salle 410, au quatri\u00e8me \u00e9tage de la Maison Internationales des Langues et des Cultures (MILC), 35 rue Raulin 69007 Lyon.<\/li>\n\n\n\n<li>Journ\u00e9e d\u2019\u00e9tude organis\u00e9e au format hybride. Entr\u00e9e libre. Inscriptions pour la participation en ligne :&nbsp;<a href=\"https:\/\/us02web.zoom.us\/webinar\/register\/WN_Il4go_p7SReSEmEOBJFN4A\">https:\/\/us02web.zoom.us\/webinar\/register\/WN_Il4go_p7SReSEmEOBJFN4A<\/a><\/li>\n<\/ul>\n\n\n\n<h2 class=\"wp-block-heading\">Organisation<\/h2>\n\n\n\n<ul class=\"wp-block-list\">\n<li>Antonin Bechler (Universit\u00e9 de Strasbourg\/IFRJ)<\/li>\n\n\n\n<li>Julien Bouvard (Universit\u00e9 Jean Moulin Lyon 3\/IETT)<\/li>\n\n\n\n<li>C\u00e9sar Castellvi (Universit\u00e9 Paris Cit\u00e9 \u2013 CRCAO)<\/li>\n\n\n\n<li>\u00c9douard L\u2019H\u00e9risson (Inalco \u2013 IFRAE)<\/li>\n\n\n\n<li>Chiharu Ch\u016bj\u014d (Universit\u00e9 Jean Moulin Lyon 3\/IETT)<\/li>\n\n\n\n<li>Kenjir\u014d Muramatsu (Universit\u00e9 Jean Moulin Lyon 3\/IETT)<\/li>\n<\/ul>\n\n\n\n<p><strong><em><a href=\"http:\/\/sfej.asso.fr\/wp-content\/uploads\/2025\/05\/Programmation-JE-1995-Lyon-15-mai.pdf\" data-type=\"link\" data-id=\"http:\/\/sfej.asso.fr\/wp-content\/uploads\/2025\/05\/Programmation-JE-1995-Lyon-15-mai.pdf\">Programme \u00e0 t\u00e9l\u00e9charger sur ce lien.<\/a><\/em><\/strong><\/p>\n\n\n<div class=\"wp-block-image\">\n<figure class=\"aligncenter size-full\"><img loading=\"lazy\" decoding=\"async\" width=\"852\" height=\"1198\" src=\"http:\/\/sfej.asso.fr\/wp-content\/uploads\/2025\/05\/Capture-decran-2025-05-15-a-18.19.44.png\" alt=\"\" class=\"wp-image-7603\" srcset=\"http:\/\/sfej.asso.fr\/wp-content\/uploads\/2025\/05\/Capture-decran-2025-05-15-a-18.19.44.png 852w, http:\/\/sfej.asso.fr\/wp-content\/uploads\/2025\/05\/Capture-decran-2025-05-15-a-18.19.44-213x300.png 213w, http:\/\/sfej.asso.fr\/wp-content\/uploads\/2025\/05\/Capture-decran-2025-05-15-a-18.19.44-728x1024.png 728w, http:\/\/sfej.asso.fr\/wp-content\/uploads\/2025\/05\/Capture-decran-2025-05-15-a-18.19.44-768x1080.png 768w, http:\/\/sfej.asso.fr\/wp-content\/uploads\/2025\/05\/Capture-decran-2025-05-15-a-18.19.44-192x270.png 192w\" sizes=\"auto, (max-width: 852px) 100vw, 852px\" \/><\/figure>\n<\/div>","protected":false},"excerpt":{"rendered":"<p>Dans le cadre du cycle \u00ab L\u2019affaire Aum et l\u2019ann\u00e9e 1995 : un tournant pour le Japon contemporain \u00bb, nous organisons tr\u00e8s prochainement une journ\u00e9e d\u2019\u00e9tude centr\u00e9e sur l\u2019ann\u00e9e 1995 au Japon. Pr\u00e9sentation de la journ\u00e9e d\u2019\u00e9tude :&nbsp; L\u2019ann\u00e9e 1995&hellip;&nbsp;<a href=\"http:\/\/sfej.asso.fr\/?p=7602\" class=\"more-link\">Lire la suite<\/a><\/p>\n","protected":false},"author":3,"featured_media":0,"comment_status":"closed","ping_status":"closed","sticky":false,"template":"","format":"standard","meta":{"_EventAllDay":false,"_EventTimezone":"","_EventStartDate":"","_EventEndDate":"","_EventStartDateUTC":"","_EventEndDateUTC":"","_EventShowMap":false,"_EventShowMapLink":false,"_EventURL":"","_EventCost":"","_EventCostDescription":"","_EventCurrencySymbol":"","_EventCurrencyCode":"","_EventCurrencyPosition":"","_EventDateTimeSeparator":"","_EventTimeRangeSeparator":"","_EventOrganizerID":[],"_EventVenueID":[],"_OrganizerEmail":"","_OrganizerPhone":"","_OrganizerWebsite":"","_VenueAddress":"","_VenueCity":"","_VenueCountry":"","_VenueProvince":"","_VenueState":"","_VenueZip":"","_VenuePhone":"","_VenueURL":"","_VenueStateProvince":"","_VenueLat":"","_VenueLng":"","_VenueShowMap":false,"_VenueShowMapLink":false,"footnotes":""},"categories":[28,30],"tags":[],"class_list":["post-7602","post","type-post","status-publish","format-standard","hentry","category-actualites","category-colloque"],"_links":{"self":[{"href":"http:\/\/sfej.asso.fr\/index.php?rest_route=\/wp\/v2\/posts\/7602","targetHints":{"allow":["GET"]}}],"collection":[{"href":"http:\/\/sfej.asso.fr\/index.php?rest_route=\/wp\/v2\/posts"}],"about":[{"href":"http:\/\/sfej.asso.fr\/index.php?rest_route=\/wp\/v2\/types\/post"}],"author":[{"embeddable":true,"href":"http:\/\/sfej.asso.fr\/index.php?rest_route=\/wp\/v2\/users\/3"}],"replies":[{"embeddable":true,"href":"http:\/\/sfej.asso.fr\/index.php?rest_route=%2Fwp%2Fv2%2Fcomments&post=7602"}],"version-history":[{"count":2,"href":"http:\/\/sfej.asso.fr\/index.php?rest_route=\/wp\/v2\/posts\/7602\/revisions"}],"predecessor-version":[{"id":7606,"href":"http:\/\/sfej.asso.fr\/index.php?rest_route=\/wp\/v2\/posts\/7602\/revisions\/7606"}],"wp:attachment":[{"href":"http:\/\/sfej.asso.fr\/index.php?rest_route=%2Fwp%2Fv2%2Fmedia&parent=7602"}],"wp:term":[{"taxonomy":"category","embeddable":true,"href":"http:\/\/sfej.asso.fr\/index.php?rest_route=%2Fwp%2Fv2%2Fcategories&post=7602"},{"taxonomy":"post_tag","embeddable":true,"href":"http:\/\/sfej.asso.fr\/index.php?rest_route=%2Fwp%2Fv2%2Ftags&post=7602"}],"curies":[{"name":"wp","href":"https:\/\/api.w.org\/{rel}","templated":true}]}}