{"id":7609,"date":"2025-05-16T21:57:53","date_gmt":"2025-05-16T19:57:53","guid":{"rendered":"http:\/\/sfej.asso.fr\/?p=7609"},"modified":"2025-05-16T21:57:54","modified_gmt":"2025-05-16T19:57:54","slug":"recrutement-poste-de-contractuel-inalco-date-limite-de-candidature-fixee-au-6-juin-2025","status":"publish","type":"post","link":"http:\/\/sfej.asso.fr\/?p=7609","title":{"rendered":"[Recrutement] Poste de contractuel, Inalco, date limite de candidature fix\u00e9e au 6 juin 2025"},"content":{"rendered":"\n<p>L\u2019Inalco a publi\u00e9 sur son site un nouvel appel \u00e0 candidatures pour un<strong>\u00a0poste<\/strong>\u00a0de contractuel au d\u00e9partement d\u2019\u00e9tudes japonaises, \u00a0\u00e0 pourvoir \u00e0 la rentr\u00e9e 2025.<\/p>\n\n\n\n<p>Lien : &nbsp;<a href=\"https:\/\/www.inalco.fr\/institut\/concours-recrutement\/appel-candidatures-enseignante-contractuelle-en-langue-et\" target=\"_blank\" rel=\"noreferrer noopener\">https:\/\/www.inalco.fr\/institut\/concours-recrutement\/appel-candidatures-enseignante-contractuelle-en-langue-et<\/a><\/p>\n\n\n\n<p>Pour ce poste sur support d\u2019enseignant chercheur, le ou la candidat(e) devra \u00eatre titulaire d\u2019un doctorat en section 15 du CNU ou sur le point de le terminer.<\/p>\n\n\n\n<p>Les candidatures de jeunes chercheurs ayant d\u00e9j\u00e0 d\u00e9j\u00e0 occup\u00e9 un poste d\u2019ATER sont recevables. La date limite de candidature est fix\u00e9e au 6 juin inclus.<\/p>\n\n\n\n<p>Pour toute information, vous pouvez contacter&nbsp;<strong>:&nbsp;<\/strong><strong>Jean Bazantay (<a href=\"mailto:jean.bazantay@inalco.fr\"><strong>jean.bazantay@inalco.fr<\/strong><\/a>).<\/strong><\/p>\n\n\n<div class=\"wp-block-image\">\n<figure class=\"aligncenter size-full\"><img loading=\"lazy\" decoding=\"async\" width=\"1266\" height=\"1650\" src=\"http:\/\/sfej.asso.fr\/wp-content\/uploads\/2025\/05\/Poste_Inalco.jpg\" alt=\"\" class=\"wp-image-7610\" srcset=\"http:\/\/sfej.asso.fr\/wp-content\/uploads\/2025\/05\/Poste_Inalco.jpg 1266w, http:\/\/sfej.asso.fr\/wp-content\/uploads\/2025\/05\/Poste_Inalco-230x300.jpg 230w, http:\/\/sfej.asso.fr\/wp-content\/uploads\/2025\/05\/Poste_Inalco-786x1024.jpg 786w, http:\/\/sfej.asso.fr\/wp-content\/uploads\/2025\/05\/Poste_Inalco-768x1001.jpg 768w, http:\/\/sfej.asso.fr\/wp-content\/uploads\/2025\/05\/Poste_Inalco-1179x1536.jpg 1179w, http:\/\/sfej.asso.fr\/wp-content\/uploads\/2025\/05\/Poste_Inalco-207x270.jpg 207w\" sizes=\"auto, (max-width: 1266px) 100vw, 1266px\" \/><\/figure>\n<\/div>","protected":false},"excerpt":{"rendered":"<p>L\u2019Inalco a publi\u00e9 sur son site un nouvel appel \u00e0 candidatures pour un\u00a0poste\u00a0de contractuel au d\u00e9partement d\u2019\u00e9tudes japonaises, \u00a0\u00e0 pourvoir \u00e0 la rentr\u00e9e 2025. Lien : &nbsp;https:\/\/www.inalco.fr\/institut\/concours-recrutement\/appel-candidatures-enseignante-contractuelle-en-langue-et Pour ce poste sur support d\u2019enseignant chercheur, le ou la candidat(e) devra \u00eatre&hellip;&nbsp;<a href=\"http:\/\/sfej.asso.fr\/?p=7609\" class=\"more-link\">Lire la suite<\/a><\/p>\n","protected":false},"author":3,"featured_media":0,"comment_status":"closed","ping_status":"closed","sticky":false,"template":"","format":"standard","meta":{"_EventAllDay":false,"_EventTimezone":"","_EventStartDate":"","_EventEndDate":"","_EventStartDateUTC":"","_EventEndDateUTC":"","_EventShowMap":false,"_EventShowMapLink":false,"_EventURL":"","_EventCost":"","_EventCostDescription":"","_EventCurrencySymbol":"","_EventCurrencyCode":"","_EventCurrencyPosition":"","_EventDateTimeSeparator":"","_EventTimeRangeSeparator":"","_EventOrganizerID":[],"_EventVenueID":[],"_OrganizerEmail":"","_OrganizerPhone":"","_OrganizerWebsite":"","_VenueAddress":"","_VenueCity":"","_VenueCountry":"","_VenueProvince":"","_VenueState":"","_VenueZip":"","_VenuePhone":"","_VenueURL":"","_VenueStateProvince":"","_VenueLat":"","_VenueLng":"","_VenueShowMap":false,"_VenueShowMapLink":false,"footnotes":""},"categories":[28,33],"tags":[],"class_list":["post-7609","post","type-post","status-publish","format-standard","hentry","category-actualites","category-poste"],"_links":{"self":[{"href":"http:\/\/sfej.asso.fr\/index.php?rest_route=\/wp\/v2\/posts\/7609","targetHints":{"allow":["GET"]}}],"collection":[{"href":"http:\/\/sfej.asso.fr\/index.php?rest_route=\/wp\/v2\/posts"}],"about":[{"href":"http:\/\/sfej.asso.fr\/index.php?rest_route=\/wp\/v2\/types\/post"}],"author":[{"embeddable":true,"href":"http:\/\/sfej.asso.fr\/index.php?rest_route=\/wp\/v2\/users\/3"}],"replies":[{"embeddable":true,"href":"http:\/\/sfej.asso.fr\/index.php?rest_route=%2Fwp%2Fv2%2Fcomments&post=7609"}],"version-history":[{"count":1,"href":"http:\/\/sfej.asso.fr\/index.php?rest_route=\/wp\/v2\/posts\/7609\/revisions"}],"predecessor-version":[{"id":7611,"href":"http:\/\/sfej.asso.fr\/index.php?rest_route=\/wp\/v2\/posts\/7609\/revisions\/7611"}],"wp:attachment":[{"href":"http:\/\/sfej.asso.fr\/index.php?rest_route=%2Fwp%2Fv2%2Fmedia&parent=7609"}],"wp:term":[{"taxonomy":"category","embeddable":true,"href":"http:\/\/sfej.asso.fr\/index.php?rest_route=%2Fwp%2Fv2%2Fcategories&post=7609"},{"taxonomy":"post_tag","embeddable":true,"href":"http:\/\/sfej.asso.fr\/index.php?rest_route=%2Fwp%2Fv2%2Ftags&post=7609"}],"curies":[{"name":"wp","href":"https:\/\/api.w.org\/{rel}","templated":true}]}}