{"id":7967,"date":"2025-10-21T06:05:29","date_gmt":"2025-10-21T04:05:29","guid":{"rendered":"http:\/\/sfej.asso.fr\/?p=7967"},"modified":"2025-10-21T06:05:29","modified_gmt":"2025-10-21T04:05:29","slug":"parution-le-japonais-langue-etrangere-naissance-et-developpement-dune-nouvelle-discipline-jean-bazantay","status":"publish","type":"post","link":"http:\/\/sfej.asso.fr\/?p=7967","title":{"rendered":"[Parution] Le japonais langue \u00e9trang\u00e8re : naissance et d\u00e9veloppement d&rsquo;une nouvelle discipline, Jean Bazantay"},"content":{"rendered":"\n<p>Jean Bazantay a le plaisir de vous annoncer la parution, aux \u00e9ditions Ophrys, de son ouvrage\u00a0<em>Le japonais langue \u00e9trang\u00e8re : naissance et d\u00e9veloppement d\u2019une nouvelle discipline<\/em>.<\/p>\n\n\n\n<p>\ud83d\udd17&nbsp;<a href=\"https:\/\/www.ophrys.fr\/produit\/le-japonais-langue-etrangere\/\">https:\/\/www.ophrys.fr\/produit\/le-japonais-langue-etrangere\/<\/a><\/p>\n\n\n\n<p>Adoptant une approche chronologique, ce tour d\u2019horizon de l\u2019histoire de l\u2019enseignement du japonais en tant que langue \u00e9trang\u00e8re retrace l\u2019\u00e9volution des principales m\u00e9thodes destin\u00e9es \u00e0 des apprenants non natifs, depuis la fin du XIX\u1d49 si\u00e8cle jusqu\u2019au d\u00e9but des ann\u00e9es 2000. Les diff\u00e9rentes approches sont pr\u00e9sent\u00e9es \u00e0 travers leurs fondements th\u00e9oriques, les contextes sp\u00e9cifiques ayant pr\u00e9sid\u00e9 \u00e0 leur \u00e9laboration, ainsi que les supports d\u2019apprentissage qui les accompagnaient. Cette analyse met en lumi\u00e8re la remarquable ouverture du Japon aux courants th\u00e9oriques europ\u00e9ens en mati\u00e8re de didactique des langues, et ce, d\u00e8s l\u2019\u00e8re Meiji.<\/p>\n\n\n\n<p>Cet ouvrage constitue une version r\u00e9vis\u00e9e et augment\u00e9e du m\u00e9moire in\u00e9dit que Jean Bazantay a pr\u00e9sent\u00e9 pour son habilitation \u00e0 diriger des recherches.<\/p>\n\n\n<div class=\"wp-block-image\">\n<figure class=\"aligncenter size-full\"><img loading=\"lazy\" decoding=\"async\" width=\"1050\" height=\"1550\" src=\"http:\/\/sfej.asso.fr\/wp-content\/uploads\/2025\/10\/Capture-decran-2025-10-21-a-06.04.20.jpg\" alt=\"\" class=\"wp-image-7968\" srcset=\"http:\/\/sfej.asso.fr\/wp-content\/uploads\/2025\/10\/Capture-decran-2025-10-21-a-06.04.20.jpg 1050w, http:\/\/sfej.asso.fr\/wp-content\/uploads\/2025\/10\/Capture-decran-2025-10-21-a-06.04.20-203x300.jpg 203w, http:\/\/sfej.asso.fr\/wp-content\/uploads\/2025\/10\/Capture-decran-2025-10-21-a-06.04.20-694x1024.jpg 694w, http:\/\/sfej.asso.fr\/wp-content\/uploads\/2025\/10\/Capture-decran-2025-10-21-a-06.04.20-768x1134.jpg 768w, http:\/\/sfej.asso.fr\/wp-content\/uploads\/2025\/10\/Capture-decran-2025-10-21-a-06.04.20-1041x1536.jpg 1041w, http:\/\/sfej.asso.fr\/wp-content\/uploads\/2025\/10\/Capture-decran-2025-10-21-a-06.04.20-183x270.jpg 183w\" sizes=\"auto, (max-width: 1050px) 100vw, 1050px\" \/><\/figure>\n<\/div>","protected":false},"excerpt":{"rendered":"<p>Jean Bazantay a le plaisir de vous annoncer la parution, aux \u00e9ditions Ophrys, de son ouvrage\u00a0Le japonais langue \u00e9trang\u00e8re : naissance et d\u00e9veloppement d\u2019une nouvelle discipline. \ud83d\udd17&nbsp;https:\/\/www.ophrys.fr\/produit\/le-japonais-langue-etrangere\/ Adoptant une approche chronologique, ce tour d\u2019horizon de l\u2019histoire de l\u2019enseignement du japonais&hellip;&nbsp;<a href=\"http:\/\/sfej.asso.fr\/?p=7967\" class=\"more-link\">Lire la suite<\/a><\/p>\n","protected":false},"author":3,"featured_media":0,"comment_status":"closed","ping_status":"closed","sticky":false,"template":"","format":"standard","meta":{"_EventAllDay":false,"_EventTimezone":"","_EventStartDate":"","_EventEndDate":"","_EventStartDateUTC":"","_EventEndDateUTC":"","_EventShowMap":false,"_EventShowMapLink":false,"_EventURL":"","_EventCost":"","_EventCostDescription":"","_EventCurrencySymbol":"","_EventCurrencyCode":"","_EventCurrencyPosition":"","_EventDateTimeSeparator":"","_EventTimeRangeSeparator":"","_EventOrganizerID":[],"_EventVenueID":[],"_OrganizerEmail":"","_OrganizerPhone":"","_OrganizerWebsite":"","_VenueAddress":"","_VenueCity":"","_VenueCountry":"","_VenueProvince":"","_VenueState":"","_VenueZip":"","_VenuePhone":"","_VenueURL":"","_VenueStateProvince":"","_VenueLat":"","_VenueLng":"","_VenueShowMap":false,"_VenueShowMapLink":false,"footnotes":""},"categories":[28,2],"tags":[],"class_list":["post-7967","post","type-post","status-publish","format-standard","hentry","category-actualites","category-publications"],"_links":{"self":[{"href":"http:\/\/sfej.asso.fr\/index.php?rest_route=\/wp\/v2\/posts\/7967","targetHints":{"allow":["GET"]}}],"collection":[{"href":"http:\/\/sfej.asso.fr\/index.php?rest_route=\/wp\/v2\/posts"}],"about":[{"href":"http:\/\/sfej.asso.fr\/index.php?rest_route=\/wp\/v2\/types\/post"}],"author":[{"embeddable":true,"href":"http:\/\/sfej.asso.fr\/index.php?rest_route=\/wp\/v2\/users\/3"}],"replies":[{"embeddable":true,"href":"http:\/\/sfej.asso.fr\/index.php?rest_route=%2Fwp%2Fv2%2Fcomments&post=7967"}],"version-history":[{"count":1,"href":"http:\/\/sfej.asso.fr\/index.php?rest_route=\/wp\/v2\/posts\/7967\/revisions"}],"predecessor-version":[{"id":7969,"href":"http:\/\/sfej.asso.fr\/index.php?rest_route=\/wp\/v2\/posts\/7967\/revisions\/7969"}],"wp:attachment":[{"href":"http:\/\/sfej.asso.fr\/index.php?rest_route=%2Fwp%2Fv2%2Fmedia&parent=7967"}],"wp:term":[{"taxonomy":"category","embeddable":true,"href":"http:\/\/sfej.asso.fr\/index.php?rest_route=%2Fwp%2Fv2%2Fcategories&post=7967"},{"taxonomy":"post_tag","embeddable":true,"href":"http:\/\/sfej.asso.fr\/index.php?rest_route=%2Fwp%2Fv2%2Ftags&post=7967"}],"curies":[{"name":"wp","href":"https:\/\/api.w.org\/{rel}","templated":true}]}}