{"id":7970,"date":"2025-10-21T06:09:00","date_gmt":"2025-10-21T04:09:00","guid":{"rendered":"http:\/\/sfej.asso.fr\/?p=7970"},"modified":"2025-10-21T06:09:00","modified_gmt":"2025-10-21T04:09:00","slug":"seminaire-kotenseki-12-novembre-2025-en-ligne","status":"publish","type":"post","link":"http:\/\/sfej.asso.fr\/?p=7970","title":{"rendered":"[S\u00e9minaire] Kotenseki, 12 novembre 2025, en ligne"},"content":{"rendered":"\n<p>Coorganis\u00e9 par le National Institute of Japanese Literature (NIJL) et l\u2019European Association of Japanese Resource Specialists (EAJRS), le Kotenseki s\u00e9minaire se tiendra en ligne le 12 novembre 2025, de 10h \u00e0 12h15 (heure d\u2019Europe centrale).<\/p>\n\n\n\n<p>Cette session sera consacr\u00e9e \u00e0 l\u2019\u00e9volution de l\u2019\u00e9dition et de la distribution au Japon de la fin de l\u2019\u00e9poque d\u2019Edo au d\u00e9but de l\u2019\u00e8re Sh\u014dwa, et sera anim\u00e9e par le professeur Kurihara Yutaka (NIJL).<\/p>\n\n\n\n<p>Le s\u00e9minaire est gratuit et se d\u00e9roulera en japonais, sans interpr\u00e9tation.<\/p>\n\n\n\n<p>Inscription avant le 2 novembre 2025 via le formulaire suivant :&nbsp;<a href=\"https:\/\/forms.gle\/YKTeDuGUJvHnNZaJA\" target=\"_blank\" rel=\"noreferrer noopener\">Formulaire d\u2019inscription<\/a><\/p>\n\n\n\n<p>Pour plus de d\u00e9tails :&nbsp;<a href=\"https:\/\/www.eajrs.net\/nijleajrs-kotenseki-seminar-2025\" target=\"_blank\" rel=\"noreferrer noopener\">Informations sur le site de l\u2019EAJRS<\/a><\/p>\n","protected":false},"excerpt":{"rendered":"<p>Coorganis\u00e9 par le National Institute of Japanese Literature (NIJL) et l\u2019European Association of Japanese Resource Specialists (EAJRS), le Kotenseki s\u00e9minaire se tiendra en ligne le 12 novembre 2025, de 10h \u00e0 12h15 (heure d\u2019Europe centrale). Cette session sera consacr\u00e9e \u00e0&hellip;&nbsp;<a href=\"http:\/\/sfej.asso.fr\/?p=7970\" class=\"more-link\">Lire la suite<\/a><\/p>\n","protected":false},"author":3,"featured_media":0,"comment_status":"closed","ping_status":"closed","sticky":false,"template":"","format":"standard","meta":{"_EventAllDay":false,"_EventTimezone":"","_EventStartDate":"","_EventEndDate":"","_EventStartDateUTC":"","_EventEndDateUTC":"","_EventShowMap":false,"_EventShowMapLink":false,"_EventURL":"","_EventCost":"","_EventCostDescription":"","_EventCurrencySymbol":"","_EventCurrencyCode":"","_EventCurrencyPosition":"","_EventDateTimeSeparator":"","_EventTimeRangeSeparator":"","_EventOrganizerID":[],"_EventVenueID":[],"_OrganizerEmail":"","_OrganizerPhone":"","_OrganizerWebsite":"","_VenueAddress":"","_VenueCity":"","_VenueCountry":"","_VenueProvince":"","_VenueState":"","_VenueZip":"","_VenuePhone":"","_VenueURL":"","_VenueStateProvince":"","_VenueLat":"","_VenueLng":"","_VenueShowMap":false,"_VenueShowMapLink":false,"footnotes":""},"categories":[28,34],"tags":[],"class_list":["post-7970","post","type-post","status-publish","format-standard","hentry","category-actualites","category-seminaire"],"_links":{"self":[{"href":"http:\/\/sfej.asso.fr\/index.php?rest_route=\/wp\/v2\/posts\/7970","targetHints":{"allow":["GET"]}}],"collection":[{"href":"http:\/\/sfej.asso.fr\/index.php?rest_route=\/wp\/v2\/posts"}],"about":[{"href":"http:\/\/sfej.asso.fr\/index.php?rest_route=\/wp\/v2\/types\/post"}],"author":[{"embeddable":true,"href":"http:\/\/sfej.asso.fr\/index.php?rest_route=\/wp\/v2\/users\/3"}],"replies":[{"embeddable":true,"href":"http:\/\/sfej.asso.fr\/index.php?rest_route=%2Fwp%2Fv2%2Fcomments&post=7970"}],"version-history":[{"count":1,"href":"http:\/\/sfej.asso.fr\/index.php?rest_route=\/wp\/v2\/posts\/7970\/revisions"}],"predecessor-version":[{"id":7971,"href":"http:\/\/sfej.asso.fr\/index.php?rest_route=\/wp\/v2\/posts\/7970\/revisions\/7971"}],"wp:attachment":[{"href":"http:\/\/sfej.asso.fr\/index.php?rest_route=%2Fwp%2Fv2%2Fmedia&parent=7970"}],"wp:term":[{"taxonomy":"category","embeddable":true,"href":"http:\/\/sfej.asso.fr\/index.php?rest_route=%2Fwp%2Fv2%2Fcategories&post=7970"},{"taxonomy":"post_tag","embeddable":true,"href":"http:\/\/sfej.asso.fr\/index.php?rest_route=%2Fwp%2Fv2%2Ftags&post=7970"}],"curies":[{"name":"wp","href":"https:\/\/api.w.org\/{rel}","templated":true}]}}