{"id":8021,"date":"2025-10-29T10:41:53","date_gmt":"2025-10-29T09:41:53","guid":{"rendered":"http:\/\/sfej.asso.fr\/?p=8021"},"modified":"2025-10-29T10:41:54","modified_gmt":"2025-10-29T09:41:54","slug":"journee-detude-les-victimes-et-leur-reconnaissance-processus-politisation-et-conflits-6-novembre-2025-format-hybride-champs-sur-marne-77","status":"publish","type":"post","link":"http:\/\/sfej.asso.fr\/?p=8021","title":{"rendered":"[Journ\u00e9e d&rsquo;\u00e9tude] \u00ab\u00a0Les victimes et leur reconnaissance : processus, politisation et conflits\u00a0\u00bb, 6 novembre 2025, format hybride, Champs-sur-Marne (77)"},"content":{"rendered":"\n<p>Nous avons le plaisir de vous inviter \u00e0 notre journ\u00e9e d&rsquo;\u00e9tude du projet MORTEL qui se tiendra au LATTS (Champs-sur-Marne) le&nbsp;jeudi 6 novembre 2025&nbsp;en salle B235 et en visioconf\u00e9rence.&nbsp;<\/p>\n\n\n\n<p>Voici le lien d&rsquo;inscription :&nbsp;&nbsp;<a href=\"https:\/\/framaforms.org\/inscription-aux-journees-detudes-06112025-projet-mortel-1760704745\" target=\"_blank\" rel=\"noreferrer noopener\">https:\/\/framaforms.org\/inscription-aux-journees-detudes-06112025-projet-mortel-1760704745<\/a><\/p>\n\n\n\n<p><strong>Organisation<\/strong> : Elsa Vivant, Christine Fassert et Rina Kojima (LATTS-UGE)<\/p>\n\n\n\n<p><em><a href=\"http:\/\/sfej.asso.fr\/wp-content\/uploads\/2025\/10\/Journee_detudes_MORTEL_06.11.2025.pdf\" data-type=\"link\" data-id=\"http:\/\/sfej.asso.fr\/wp-content\/uploads\/2025\/10\/Journee_detudes_MORTEL_06.11.2025.pdf\">Programme \u00e0 t\u00e9l\u00e9charger sur ce lien.<\/a><\/em><\/p>\n\n\n\n<h2 class=\"wp-block-heading\">Programme de la journ\u00e9e<\/h2>\n\n\n\n<p>9h00 : Accueil caf\u00e9.<\/p>\n\n\n\n<p>9h30 : Mot d\u2019accueil de la journ\u00e9e,&nbsp;<strong>Elsa Vivant<\/strong>, urbaniste et sociologue, professeure \u00e0 l\u2019Universit\u00e9 Gustave Eiffel et directrice du LATTS.<\/p>\n\n\n\n<p>Introduction \u00e0 la journ\u00e9e,&nbsp;<strong>Christine Fassert<\/strong>, socio-anthropologue, chercheuse au LATTS et \u00e0 Sciences Po (CRISIS-LAB).<\/p>\n\n\n\n<p><strong>Yannick Barthe<\/strong>, sociologue et directeur de recherches au CNRS. Conf\u00e9rence introductive :&nbsp;<em>Victimisation et politisation du malheur.<\/em><\/p>\n\n\n\n<p><strong>Session du matin : Les victimes des mondes nucl\u00e9aires<\/strong><\/p>\n\n\n\n<p>Mod\u00e9ration : Rina Kojima, sociologue et ing\u00e9nieure de recherche au LATTS.<\/p>\n\n\n\n<p><strong>Chiara Ramponi,&nbsp;<\/strong>anthropologue et docteure en \u00e9tudes environnementales \u00e0 l\u2019Universit\u00e9 de Tohoku (Japon).<\/p>\n\n\n\n<p><strong>Christine Fassert<\/strong>, socio-anthropologue, chercheuse au LATTS et \u00e0 Sciences Po (CRISISLAB) &amp;&nbsp;<strong>Reiko Hasegawa<\/strong>, politiste et juriste, chercheuse \u00e0 Sciences Po (CRISIS-LAB).<\/p>\n\n\n\n<p>Pause d\u00e9jeuner (12h30-14h00)<\/p>\n\n\n\n<p><strong>Session apr\u00e8s-midi : Les victimes du m\u00e9dicament<\/strong><\/p>\n\n\n\n<p>Mod\u00e9ration : Christine Fassert<strong>,&nbsp;<\/strong>chercheuse au LATTS et \u00e0 Sciences Po (CRISIS-LAB).<\/p>\n\n\n\n<p><strong>Elsa Vivant<\/strong>, urbaniste et sociologue, professeure \u00e0 l\u2019Universit\u00e9 Gustave Eiffel et directrice du LATTS.<\/p>\n\n\n\n<p><strong>Sol\u00e8ne Lellinger,&nbsp;<\/strong>historienne et philosophe de sant\u00e9, et ma\u00eetre de conf\u00e9rences \u00e0 l\u2019Universit\u00e9 Paris Cit\u00e9.<\/p>\n\n\n\n<p><strong>Jos\u00e9phine Eberhart<\/strong>, sociologue et post-doctorante \u00e0 l\u2019IRISSO \u00e0 l\u2019Universit\u00e9 Paris-Dauphine.<\/p>\n\n\n\n<p>17h00 : Cl\u00f4ture de la journ\u00e9e,&nbsp;<strong>Elsa Vivant<\/strong>, urbaniste et sociologue, professeure \u00e0 l\u2019Universit\u00e9 Gustave Eiffel et directrice du LATTS.<\/p>\n","protected":false},"excerpt":{"rendered":"<p>Nous avons le plaisir de vous inviter \u00e0 notre journ\u00e9e d&rsquo;\u00e9tude du projet MORTEL qui se tiendra au LATTS (Champs-sur-Marne) le&nbsp;jeudi 6 novembre 2025&nbsp;en salle B235 et en visioconf\u00e9rence.&nbsp; Voici le lien d&rsquo;inscription :&nbsp;&nbsp;https:\/\/framaforms.org\/inscription-aux-journees-detudes-06112025-projet-mortel-1760704745 Organisation : Elsa Vivant, Christine Fassert&hellip;&nbsp;<a href=\"http:\/\/sfej.asso.fr\/?p=8021\" class=\"more-link\">Lire la suite<\/a><\/p>\n","protected":false},"author":3,"featured_media":0,"comment_status":"closed","ping_status":"closed","sticky":false,"template":"","format":"standard","meta":{"_EventAllDay":false,"_EventTimezone":"","_EventStartDate":"","_EventEndDate":"","_EventStartDateUTC":"","_EventEndDateUTC":"","_EventShowMap":false,"_EventShowMapLink":false,"_EventURL":"","_EventCost":"","_EventCostDescription":"","_EventCurrencySymbol":"","_EventCurrencyCode":"","_EventCurrencyPosition":"","_EventDateTimeSeparator":"","_EventTimeRangeSeparator":"","_EventOrganizerID":[],"_EventVenueID":[],"_OrganizerEmail":"","_OrganizerPhone":"","_OrganizerWebsite":"","_VenueAddress":"","_VenueCity":"","_VenueCountry":"","_VenueProvince":"","_VenueState":"","_VenueZip":"","_VenuePhone":"","_VenueURL":"","_VenueStateProvince":"","_VenueLat":"","_VenueLng":"","_VenueShowMap":false,"_VenueShowMapLink":false,"footnotes":""},"categories":[28,30],"tags":[],"class_list":["post-8021","post","type-post","status-publish","format-standard","hentry","category-actualites","category-colloque"],"_links":{"self":[{"href":"http:\/\/sfej.asso.fr\/index.php?rest_route=\/wp\/v2\/posts\/8021","targetHints":{"allow":["GET"]}}],"collection":[{"href":"http:\/\/sfej.asso.fr\/index.php?rest_route=\/wp\/v2\/posts"}],"about":[{"href":"http:\/\/sfej.asso.fr\/index.php?rest_route=\/wp\/v2\/types\/post"}],"author":[{"embeddable":true,"href":"http:\/\/sfej.asso.fr\/index.php?rest_route=\/wp\/v2\/users\/3"}],"replies":[{"embeddable":true,"href":"http:\/\/sfej.asso.fr\/index.php?rest_route=%2Fwp%2Fv2%2Fcomments&post=8021"}],"version-history":[{"count":2,"href":"http:\/\/sfej.asso.fr\/index.php?rest_route=\/wp\/v2\/posts\/8021\/revisions"}],"predecessor-version":[{"id":8024,"href":"http:\/\/sfej.asso.fr\/index.php?rest_route=\/wp\/v2\/posts\/8021\/revisions\/8024"}],"wp:attachment":[{"href":"http:\/\/sfej.asso.fr\/index.php?rest_route=%2Fwp%2Fv2%2Fmedia&parent=8021"}],"wp:term":[{"taxonomy":"category","embeddable":true,"href":"http:\/\/sfej.asso.fr\/index.php?rest_route=%2Fwp%2Fv2%2Fcategories&post=8021"},{"taxonomy":"post_tag","embeddable":true,"href":"http:\/\/sfej.asso.fr\/index.php?rest_route=%2Fwp%2Fv2%2Ftags&post=8021"}],"curies":[{"name":"wp","href":"https:\/\/api.w.org\/{rel}","templated":true}]}}