{"id":8027,"date":"2025-10-29T11:03:20","date_gmt":"2025-10-29T10:03:20","guid":{"rendered":"http:\/\/sfej.asso.fr\/?p=8027"},"modified":"2025-10-29T11:04:25","modified_gmt":"2025-10-29T10:04:25","slug":"appel-a-contributions-il-ny-a-pas-de-quoi-rire-rire-et-serieux-dans-la-litterature-japonaise-contributions-attendues-pour-le-15-janvier-2026","status":"publish","type":"post","link":"http:\/\/sfej.asso.fr\/?p=8027","title":{"rendered":"[Appel \u00e0 contributions] \u00ab\u00a0Il n&rsquo;y a pas de quoi rire ! Rire et s\u00e9rieux dans la litt\u00e9rature japonaise\u00a0\u00bb, contributions attendues pour le 15 janvier 2026"},"content":{"rendered":"\n<h2 class=\"wp-block-heading has-text-align-center\"><strong>Appel \u00e0 contributions<\/strong><\/h2>\n\n\n\n<h2 class=\"wp-block-heading has-text-align-center\">\u00ab\u00a0<strong>Il n&rsquo;y a pas de quoi rire ! <\/strong><br><strong>Rire et s\u00e9rieux dans la litt\u00e9rature japonaise<\/strong>\u00a0\u00bb <\/h2>\n\n\n\n<p class=\"has-text-align-center\">Dans le cadre du programme de recherche du CRCAO&nbsp;<em><a href=\"https:\/\/www.crcao.fr\/recherche\/le-rire-dans-la-tradition-litteraire-japonaise\/?lang=en\">Le rire dans la tradition litt\u00e9raire japonaise<\/a><\/em>, une nouvelle journ\u00e9e d\u2019\u00e9tudes sera organis\u00e9e \u00e0 l\u2019Universit\u00e9 Paris Cit\u00e9&nbsp;<strong>le vendredi 12 juin 2026*,<\/strong>&nbsp;sur le th\u00e8me :<br><strong>\u00ab Il n&rsquo;y a pas de quoi rire ! Rire et s\u00e9rieux dans la litt\u00e9rature japonaise \u00bb.<\/strong><\/p>\n\n\n\n<p>\u00c0 cette occasion, nous avons le plaisir de lancer\u00a0<strong>un appel \u00e0 contributions<\/strong>\u00a0pour des communications en fran\u00e7ais, en anglais ou en japonais, d\u2019une dur\u00e9e de 30 minutes. (<strong><em><a href=\"http:\/\/sfej.asso.fr\/wp-content\/uploads\/2025\/10\/Appel-a-contributions-12-juin-26-FR.pdf\" data-type=\"link\" data-id=\"http:\/\/sfej.asso.fr\/wp-content\/uploads\/2025\/10\/Appel-a-contributions-12-juin-26-FR.pdf\">Appel \u00e0 t\u00e9l\u00e9charger sur ce lien<\/a><\/em><\/strong>)<\/p>\n\n\n\n<p><br>Il s\u2019agira de r\u00e9fl\u00e9chir \u00e0 la place qu\u2019occupe le rire dans la tradition litt\u00e9raire japonaise, y compris au sein des \u0153uvres canoniques les plus s\u00e9rieuses, d\u2019en analyser la nature, les m\u00e9canismes et les diff\u00e9rentes facettes, et plus particuli\u00e8rement son articulation avec le s\u00e9rieux. Quels usages une \u0153uvre de fiction qui se veut s\u00e9rieuse fait-elle du rire ? S\u2019agit-il de faire cohabiter deux registres, de traiter des sujets graves sur un mode l\u00e9ger, ou au contraire d\u2019aborder des sujets l\u00e9gers avec gravit\u00e9 ? Du point de vue de la recherche, comment parler s\u00e9rieusement du rire ? Enfin, comment la question du rire peut-elle renouveler notre approche de certaines \u0153uvres de la litt\u00e9rature japonaise ?<\/p>\n\n\n\n<p>Le point de d\u00e9part de la r\u00e9flexion est la litt\u00e9rature classique, mais des contributions portant sur la litt\u00e9rature moderne et contemporaine sont \u00e9galement les bienvenues.<\/p>\n\n\n\n<p>Les propositions (300 \u00e0 400 mots, en fran\u00e7ais, anglais ou japonais) sont \u00e0 adresser par courrier \u00e9lectronique aux adresses suivantes :<br><strong><a href=\"mailto:daniel.struve@u-paris.fr\">daniel.struve@u-paris.fr<\/a><\/strong>&nbsp;et&nbsp;<strong><a href=\"mailto:marianne.simon-oikawa@u-paris.fr\">marianne.simon-oikawa@u-paris.fr<\/a><\/strong><\/p>\n\n\n\n<p class=\"has-text-align-center\"><strong><span style=\"text-decoration: underline;\">Date limite d\u2019envoi des propositions : jeudi 15 janvier 2026<\/span><\/strong><\/p>\n\n\n\n<p>*Cette date d\u00e9finitive annule le calendrier annonc\u00e9 au d\u00e9part.<\/p>\n","protected":false},"excerpt":{"rendered":"<p>Appel \u00e0 contributions \u00ab\u00a0Il n&rsquo;y a pas de quoi rire ! Rire et s\u00e9rieux dans la litt\u00e9rature japonaise\u00a0\u00bb Dans le cadre du programme de recherche du CRCAO&nbsp;Le rire dans la tradition litt\u00e9raire japonaise, une nouvelle journ\u00e9e d\u2019\u00e9tudes sera organis\u00e9e \u00e0&hellip;&nbsp;<a href=\"http:\/\/sfej.asso.fr\/?p=8027\" class=\"more-link\">Lire la suite<\/a><\/p>\n","protected":false},"author":3,"featured_media":0,"comment_status":"closed","ping_status":"closed","sticky":false,"template":"","format":"standard","meta":{"_EventAllDay":false,"_EventTimezone":"","_EventStartDate":"","_EventEndDate":"","_EventStartDateUTC":"","_EventEndDateUTC":"","_EventShowMap":false,"_EventShowMapLink":false,"_EventURL":"","_EventCost":"","_EventCostDescription":"","_EventCurrencySymbol":"","_EventCurrencyCode":"","_EventCurrencyPosition":"","_EventDateTimeSeparator":"","_EventTimeRangeSeparator":"","_EventOrganizerID":[],"_EventVenueID":[],"_OrganizerEmail":"","_OrganizerPhone":"","_OrganizerWebsite":"","_VenueAddress":"","_VenueCity":"","_VenueCountry":"","_VenueProvince":"","_VenueState":"","_VenueZip":"","_VenuePhone":"","_VenueURL":"","_VenueStateProvince":"","_VenueLat":"","_VenueLng":"","_VenueShowMap":false,"_VenueShowMapLink":false,"footnotes":""},"categories":[28,29],"tags":[],"class_list":["post-8027","post","type-post","status-publish","format-standard","hentry","category-actualites","category-appel"],"_links":{"self":[{"href":"http:\/\/sfej.asso.fr\/index.php?rest_route=\/wp\/v2\/posts\/8027","targetHints":{"allow":["GET"]}}],"collection":[{"href":"http:\/\/sfej.asso.fr\/index.php?rest_route=\/wp\/v2\/posts"}],"about":[{"href":"http:\/\/sfej.asso.fr\/index.php?rest_route=\/wp\/v2\/types\/post"}],"author":[{"embeddable":true,"href":"http:\/\/sfej.asso.fr\/index.php?rest_route=\/wp\/v2\/users\/3"}],"replies":[{"embeddable":true,"href":"http:\/\/sfej.asso.fr\/index.php?rest_route=%2Fwp%2Fv2%2Fcomments&post=8027"}],"version-history":[{"count":5,"href":"http:\/\/sfej.asso.fr\/index.php?rest_route=\/wp\/v2\/posts\/8027\/revisions"}],"predecessor-version":[{"id":8033,"href":"http:\/\/sfej.asso.fr\/index.php?rest_route=\/wp\/v2\/posts\/8027\/revisions\/8033"}],"wp:attachment":[{"href":"http:\/\/sfej.asso.fr\/index.php?rest_route=%2Fwp%2Fv2%2Fmedia&parent=8027"}],"wp:term":[{"taxonomy":"category","embeddable":true,"href":"http:\/\/sfej.asso.fr\/index.php?rest_route=%2Fwp%2Fv2%2Fcategories&post=8027"},{"taxonomy":"post_tag","embeddable":true,"href":"http:\/\/sfej.asso.fr\/index.php?rest_route=%2Fwp%2Fv2%2Ftags&post=8027"}],"curies":[{"name":"wp","href":"https:\/\/api.w.org\/{rel}","templated":true}]}}