{"id":812,"date":"2020-12-01T09:17:29","date_gmt":"2020-12-01T08:17:29","guid":{"rendered":"http:\/\/sfej.asso.fr\/?p=812"},"modified":"2020-12-01T09:17:30","modified_gmt":"2020-12-01T08:17:30","slug":"appel-lancement-dune-collection-japon-chez-hermann-edition","status":"publish","type":"post","link":"http:\/\/sfej.asso.fr\/?p=812","title":{"rendered":"Appel : lancement d&rsquo;une collection Japon chez Hermann \u00c9dition"},"content":{"rendered":"\n<p class=\"has-large-font-size\"><strong>Lancement d&rsquo;une collection Japon chez Hermann \u00c9dition<\/strong><\/p>\n\n\n\n<p>Matthias Hayek et Thomas Garcin ont le plaisir de vous annoncer le lancement d\u2019une nouvelle collection consacr\u00e9e au Japon aux \u00e9ditions Hermann. Cette collection s\u2019adressera aussi bien au grand public qu\u2019aux \u00e9tudiants, aux enseignants et aux chercheurs d\u00e9sireux d\u2019approfondir leur compr\u00e9hension sur certains points sp\u00e9cifiques concernant le Japon. <\/p>\n\n\n\n<p>Les propositions d\u2019ouvrages et les manuscrits seront \u00e9valu\u00e9s par un comit\u00e9 scientifique compos\u00e9 des chercheurs suivants\u00a0: Emmanuel Lozerand (INALCO), C\u00e9cile Sakai (Universit\u00e9 de Paris), Nicolas Fi\u00e9v\u00e9 (EPHE), Antonin Bechler (Universit\u00e9 de Strasbourg), Julien Bouvard (Universit\u00e9 de Lyon), Sandra Schaal (Universit\u00e9 de Strasbourg), Jean-Michel Butel (INALCO), Claire-Akiko Brisset (Universit\u00e9 de Gen\u00e8ve), Estelle Bauer (INALCO), Christine Levy (Universit\u00e9 de Bordeaux-Montaigne).<\/p>\n\n\n\n<p>Cette collection sera d\u00e9di\u00e9e \u00e0 quatre cat\u00e9gories d\u2019ouvrages\u00a0: des ouvrages de synth\u00e8se, des monographies, des ouvrages collectifs, et des traductions. <\/p>\n\n\n\n<p>Par ouvrage de synth\u00e8se, nous entendons des livres de 150 pages maximum qui proposent, dans une perspective historique, d\u2019introduire les fondamentaux d\u2019un champ th\u00e9matique, tout en offrant des mat\u00e9riaux (sources traduites, diagrammes, cartes et figures) exploitables dans le cadre d\u2019un enseignement d\u00e9di\u00e9 au sujet question.<\/p>\n\n\n\n<p>Concernant les traductions, nous souhaiterions privil\u00e9gier les grands textes et essais de l\u2019histoire de la pens\u00e9e japonaise, ainsi que les ouvrages ayant marqu\u00e9 leurs champs disciplinaires au Japon. Il nous semble urgent de rendre accessible en fran\u00e7ais quelques-uns des textes t\u00e9moignant du dynamisme de la sc\u00e8ne intellectuelle du Japon moderne et contemporain.<\/p>\n\n\n\n<p>Nous avons pour objectif de publier une premi\u00e8re s\u00e9rie d\u2019ouvrages dans le courant de l\u2019ann\u00e9e 2022. Nous vous invitons donc \u00e0 nous soumettre tout projet \u00e9ditorial qui pourrait correspondre \u00e0 l\u2019une des quatre cat\u00e9gories d\u2019ouvrages mentionn\u00e9es ci-dessus. La proposition de publication comportera un synopsis de l\u2019ouvrage (deux pages maximum), un sommaire d\u00e9taill\u00e9, et un chapitre ou un extrait de chapitre d\u2019au moins une vingtaine de pages permettant de saisir la teneur du propos. N\u2019h\u00e9sitez pas \u00e0 joindre une courte pr\u00e9sentation de votre parcours ou de l\u2019auteur japonais en cas de traduction.\u00a0<br>Feuille de style : <a href=\"http:\/\/sfej.asso.fr\/wp-content\/uploads\/2020\/12\/Feuille-de-style-collection-Japon-Hermann.pdf\">ici<\/a><br>Consignes pour la r\u00e9daction d&rsquo;un manuscrit : <a href=\"http:\/\/sfej.asso.fr\/wp-content\/uploads\/2020\/12\/CHARTE-MANUSCRIT.pdf\">ici<\/a><\/p>\n\n\n\n<p>Nous pensons que cette collection pourra contribuer \u00e0 am\u00e9liorer encore la visibilit\u00e9 des \u00e9tudes japonaises francophones, y compris \u00e0 l\u2019int\u00e9rieur de la communaut\u00e9 des chercheurs, tout en facilitant la diffusion de leurs r\u00e9sultats aupr\u00e8s d\u2019un public plus large dont l\u2019int\u00e9r\u00eat pour l\u2019archipel ne se d\u00e9ment pas.<\/p>\n\n\n\n<p>Nous attendons avec impatience vos propositions et nous r\u00e9jouissons \u00e0 la perspective de vous accompagner dans ces projets de publication.<\/p>\n\n\n\n<p>Thomas Garcin\u00a0<br>Matthias Hayek<\/p>\n","protected":false},"excerpt":{"rendered":"<p>Lancement d&rsquo;une collection Japon chez Hermann \u00c9dition Matthias Hayek et Thomas Garcin ont le plaisir de vous annoncer le lancement d\u2019une nouvelle collection consacr\u00e9e au Japon aux \u00e9ditions Hermann. Cette collection s\u2019adressera aussi bien au grand public qu\u2019aux \u00e9tudiants, aux&hellip;&nbsp;<a href=\"http:\/\/sfej.asso.fr\/?p=812\" class=\"more-link\">Lire la suite<\/a><\/p>\n","protected":false},"author":3,"featured_media":0,"comment_status":"closed","ping_status":"closed","sticky":false,"template":"","format":"standard","meta":{"_EventAllDay":false,"_EventTimezone":"","_EventStartDate":"","_EventEndDate":"","_EventStartDateUTC":"","_EventEndDateUTC":"","_EventShowMap":false,"_EventShowMapLink":false,"_EventURL":"","_EventCost":"","_EventCostDescription":"","_EventCurrencySymbol":"","_EventCurrencyCode":"","_EventCurrencyPosition":"","_EventDateTimeSeparator":"","_EventTimeRangeSeparator":"","_EventOrganizerID":[],"_EventVenueID":[],"_OrganizerEmail":"","_OrganizerPhone":"","_OrganizerWebsite":"","_VenueAddress":"","_VenueCity":"","_VenueCountry":"","_VenueProvince":"","_VenueState":"","_VenueZip":"","_VenuePhone":"","_VenueURL":"","_VenueStateProvince":"","_VenueLat":"","_VenueLng":"","_VenueShowMap":false,"_VenueShowMapLink":false,"footnotes":""},"categories":[28,29],"tags":[],"class_list":["post-812","post","type-post","status-publish","format-standard","hentry","category-actualites","category-appel"],"_links":{"self":[{"href":"http:\/\/sfej.asso.fr\/index.php?rest_route=\/wp\/v2\/posts\/812","targetHints":{"allow":["GET"]}}],"collection":[{"href":"http:\/\/sfej.asso.fr\/index.php?rest_route=\/wp\/v2\/posts"}],"about":[{"href":"http:\/\/sfej.asso.fr\/index.php?rest_route=\/wp\/v2\/types\/post"}],"author":[{"embeddable":true,"href":"http:\/\/sfej.asso.fr\/index.php?rest_route=\/wp\/v2\/users\/3"}],"replies":[{"embeddable":true,"href":"http:\/\/sfej.asso.fr\/index.php?rest_route=%2Fwp%2Fv2%2Fcomments&post=812"}],"version-history":[{"count":2,"href":"http:\/\/sfej.asso.fr\/index.php?rest_route=\/wp\/v2\/posts\/812\/revisions"}],"predecessor-version":[{"id":816,"href":"http:\/\/sfej.asso.fr\/index.php?rest_route=\/wp\/v2\/posts\/812\/revisions\/816"}],"wp:attachment":[{"href":"http:\/\/sfej.asso.fr\/index.php?rest_route=%2Fwp%2Fv2%2Fmedia&parent=812"}],"wp:term":[{"taxonomy":"category","embeddable":true,"href":"http:\/\/sfej.asso.fr\/index.php?rest_route=%2Fwp%2Fv2%2Fcategories&post=812"},{"taxonomy":"post_tag","embeddable":true,"href":"http:\/\/sfej.asso.fr\/index.php?rest_route=%2Fwp%2Fv2%2Ftags&post=812"}],"curies":[{"name":"wp","href":"https:\/\/api.w.org\/{rel}","templated":true}]}}