{"id":8169,"date":"2025-11-27T21:18:33","date_gmt":"2025-11-27T20:18:33","guid":{"rendered":"http:\/\/sfej.asso.fr\/?p=8169"},"modified":"2025-11-27T21:18:33","modified_gmt":"2025-11-27T20:18:33","slug":"appel-a-candidatures-joint-phd-program-cnrs-universite-de-tokyo-date-limite-candidature-17-decembre-2025","status":"publish","type":"post","link":"http:\/\/sfej.asso.fr\/?p=8169","title":{"rendered":"[Appel \u00e0 candidatures] Joint PhD Program CNRS &#8211; Universit\u00e9 de Tokyo, date limite candidature 17 d\u00e9cembre 2025"},"content":{"rendered":"\n<p>Le 4<sup>\u00e8me<\/sup>\u00a0appel du\u00a0<strong>Joint PhD Program CNRS-Universit\u00e9 de Tokyo<\/strong>\u00a0vient d\u2019\u00eatre lanc\u00e9.<\/p>\n\n\n\n<p>Cet appel conjoint vise \u00e0 soutenir des projets de recherche communs pendant trois ans par le financement de duos de doctorants, un du CNRS et un de l\u2019Universit\u00e9 de Tokyo. L\u2019objectif final pour ces \u00e9tudiants est d\u2019obtenir un doctorat sur la base des travaux qu\u2019ils m\u00e8neront dans le cadre de ce programme.<\/p>\n\n\n\n<p>Vous trouverez plus d\u2019informations et les modalit\u00e9s de candidatures via le lien ci-dessous :<\/p>\n\n\n\n<p><a href=\"https:\/\/international.cnrs.fr\/en\/actualite\/phd-joint-programmes\">https:\/\/international.cnrs.fr\/en\/actualite\/phd-joint-programmes<\/a><\/p>\n\n\n\n<p><strong>Date limite de candidature : 17 d\u00e9cembre 2025<\/strong><\/p>\n","protected":false},"excerpt":{"rendered":"<p>Le 4\u00e8me\u00a0appel du\u00a0Joint PhD Program CNRS-Universit\u00e9 de Tokyo\u00a0vient d\u2019\u00eatre lanc\u00e9. Cet appel conjoint vise \u00e0 soutenir des projets de recherche communs pendant trois ans par le financement de duos de doctorants, un du CNRS et un de l\u2019Universit\u00e9 de Tokyo.&hellip;&nbsp;<a href=\"http:\/\/sfej.asso.fr\/?p=8169\" class=\"more-link\">Lire la suite<\/a><\/p>\n","protected":false},"author":3,"featured_media":0,"comment_status":"closed","ping_status":"closed","sticky":false,"template":"","format":"standard","meta":{"_EventAllDay":false,"_EventTimezone":"","_EventStartDate":"","_EventEndDate":"","_EventStartDateUTC":"","_EventEndDateUTC":"","_EventShowMap":false,"_EventShowMapLink":false,"_EventURL":"","_EventCost":"","_EventCostDescription":"","_EventCurrencySymbol":"","_EventCurrencyCode":"","_EventCurrencyPosition":"","_EventDateTimeSeparator":"","_EventTimeRangeSeparator":"","_EventOrganizerID":[],"_EventVenueID":[],"_OrganizerEmail":"","_OrganizerPhone":"","_OrganizerWebsite":"","_VenueAddress":"","_VenueCity":"","_VenueCountry":"","_VenueProvince":"","_VenueState":"","_VenueZip":"","_VenuePhone":"","_VenueURL":"","_VenueStateProvince":"","_VenueLat":"","_VenueLng":"","_VenueShowMap":false,"_VenueShowMapLink":false,"footnotes":""},"categories":[28,29],"tags":[],"class_list":["post-8169","post","type-post","status-publish","format-standard","hentry","category-actualites","category-appel"],"_links":{"self":[{"href":"http:\/\/sfej.asso.fr\/index.php?rest_route=\/wp\/v2\/posts\/8169","targetHints":{"allow":["GET"]}}],"collection":[{"href":"http:\/\/sfej.asso.fr\/index.php?rest_route=\/wp\/v2\/posts"}],"about":[{"href":"http:\/\/sfej.asso.fr\/index.php?rest_route=\/wp\/v2\/types\/post"}],"author":[{"embeddable":true,"href":"http:\/\/sfej.asso.fr\/index.php?rest_route=\/wp\/v2\/users\/3"}],"replies":[{"embeddable":true,"href":"http:\/\/sfej.asso.fr\/index.php?rest_route=%2Fwp%2Fv2%2Fcomments&post=8169"}],"version-history":[{"count":1,"href":"http:\/\/sfej.asso.fr\/index.php?rest_route=\/wp\/v2\/posts\/8169\/revisions"}],"predecessor-version":[{"id":8170,"href":"http:\/\/sfej.asso.fr\/index.php?rest_route=\/wp\/v2\/posts\/8169\/revisions\/8170"}],"wp:attachment":[{"href":"http:\/\/sfej.asso.fr\/index.php?rest_route=%2Fwp%2Fv2%2Fmedia&parent=8169"}],"wp:term":[{"taxonomy":"category","embeddable":true,"href":"http:\/\/sfej.asso.fr\/index.php?rest_route=%2Fwp%2Fv2%2Fcategories&post=8169"},{"taxonomy":"post_tag","embeddable":true,"href":"http:\/\/sfej.asso.fr\/index.php?rest_route=%2Fwp%2Fv2%2Ftags&post=8169"}],"curies":[{"name":"wp","href":"https:\/\/api.w.org\/{rel}","templated":true}]}}