{"id":8173,"date":"2025-11-30T09:50:15","date_gmt":"2025-11-30T08:50:15","guid":{"rendered":"http:\/\/sfej.asso.fr\/?p=8173"},"modified":"2025-11-30T09:50:15","modified_gmt":"2025-11-30T08:50:15","slug":"conference-penser-la-nature-et-lhomme-avec-isao-takahata-6-decembre-2025-14h30-mcjp","status":"publish","type":"post","link":"http:\/\/sfej.asso.fr\/?p=8173","title":{"rendered":"[Conf\u00e9rence] \u00ab\u00a0Penser la nature et l&rsquo;homme avec Isao Takahata\u00a0\u00bb, 6 d\u00e9cembre 2025, 14h30, MCJP"},"content":{"rendered":"\n<p>Entr\u00e9e libre sur r\u00e9servation sur la page : <\/p>\n\n\n\n<p><a href=\"https:\/\/www.mcjp.fr\/fr\/la-mcjp\/actualites\/penser-la-nature-et-l-homme-avec-isao-takahata\">https:\/\/www.mcjp.fr\/fr\/la-mcjp\/actualites\/penser-la-nature-et-l-homme-avec-isao-takahata<\/a><\/p>\n\n\n\n<h3 class=\"wp-block-heading has-text-align-center\">Conf\u00e9rence\u00a006 d\u00e9cembre 2025 \u00e0 14h30<br>\u00ab\u00a0Penser la nature et l\u2019homme avec Isao Takahata &#8211; \u9ad8\u7551\u52f2\u3068\u8003\u3048\u308b\u3001\u81ea\u7136\u3068\u4eba\u9593\u00a0\u00bb<\/h3>\n\n\n\n<p><strong>Kenjir\u014d Muramatsu<\/strong>&nbsp;et&nbsp;<strong>Antonin Bechler<\/strong>&nbsp;pr\u00e9senteront la pens\u00e9e d\u2019Isao Takahata (1935-2018) \u00e0 travers ses films et ses \u00e9crits, ainsi que les choix formels qui ont fa\u00e7onn\u00e9 les repr\u00e9sentations visuelles qu\u2019il a produites. Depuis le d\u00e9but de sa carri\u00e8re au Studio T\u014dei (1959-1971) jusqu\u2019\u00e0 ses travaux au sein du Studio Ghibli (1985-2018), le cin\u00e9aste d\u2019animation a conserv\u00e9 une position critique et singuli\u00e8re dans le monde de l\u2019animation japonaise. Nous \u00e9voquerons ses repr\u00e9sentations de la nature ainsi que la place que celle-ci occupe dans sa vision de l\u2019homme et de la soci\u00e9t\u00e9, en les comparant \u00e0 celles de Hayao Miyazaki (1941-).&nbsp;<br><br><strong>Intervenants :&nbsp;<\/strong><br><strong>Kenjir\u014d Muramatsu<\/strong>&nbsp;est ma\u00eetre de conf\u00e9rences \u00e0 l\u2019Universit\u00e9 Jean Moulin Lyon III. Il \u00e9tudie les relations entre la soci\u00e9t\u00e9 de consommation et l\u2019environnement naturel dans le Japon et l\u2019Europe \u00e0 travers des recherches sur l\u2019agriculture, l\u2019alimentation, les mouvements sociaux et la culture populaire.<\/p>\n\n\n\n<p><strong>Antonin Bechler&nbsp;<\/strong>(participation en ligne depuis le Japon) est chercheur \u00e0 l\u2019Institut fran\u00e7ais de recherche sur le Japon (Maison franco-japonaise de Tokyo) et ma\u00eetre de conf\u00e9rences au d\u00e9partement d\u2019\u00e9tudes japonaises de l\u2019universit\u00e9 de Strasbourg. Ses recherches portent sur les repr\u00e9sentations, discours et id\u00e9ologies d\u00e9ploy\u00e9s dans la fiction japonaise contemporaine, en particulier la litt\u00e9rature (notamment les romanciers \u014c\u00e9 Kenzabur\u014d et Murakami Haruki), mais \u00e9galement les productions de la culture populaire (animation, manga, etc.).<\/p>\n\n\n\n<p>*La conf\u00e9rence ne sera pas diffus\u00e9e en ligne<\/p>\n","protected":false},"excerpt":{"rendered":"<p>Entr\u00e9e libre sur r\u00e9servation sur la page : https:\/\/www.mcjp.fr\/fr\/la-mcjp\/actualites\/penser-la-nature-et-l-homme-avec-isao-takahata Conf\u00e9rence\u00a006 d\u00e9cembre 2025 \u00e0 14h30\u00ab\u00a0Penser la nature et l\u2019homme avec Isao Takahata &#8211; \u9ad8\u7551\u52f2\u3068\u8003\u3048\u308b\u3001\u81ea\u7136\u3068\u4eba\u9593\u00a0\u00bb Kenjir\u014d Muramatsu&nbsp;et&nbsp;Antonin Bechler&nbsp;pr\u00e9senteront la pens\u00e9e d\u2019Isao Takahata (1935-2018) \u00e0 travers ses films et ses \u00e9crits, ainsi que&hellip;&nbsp;<a href=\"http:\/\/sfej.asso.fr\/?p=8173\" class=\"more-link\">Lire la suite<\/a><\/p>\n","protected":false},"author":3,"featured_media":0,"comment_status":"closed","ping_status":"closed","sticky":false,"template":"","format":"standard","meta":{"_EventAllDay":false,"_EventTimezone":"","_EventStartDate":"","_EventEndDate":"","_EventStartDateUTC":"","_EventEndDateUTC":"","_EventShowMap":false,"_EventShowMapLink":false,"_EventURL":"","_EventCost":"","_EventCostDescription":"","_EventCurrencySymbol":"","_EventCurrencyCode":"","_EventCurrencyPosition":"","_EventDateTimeSeparator":"","_EventTimeRangeSeparator":"","_EventOrganizerID":[],"_EventVenueID":[],"_OrganizerEmail":"","_OrganizerPhone":"","_OrganizerWebsite":"","_VenueAddress":"","_VenueCity":"","_VenueCountry":"","_VenueProvince":"","_VenueState":"","_VenueZip":"","_VenuePhone":"","_VenueURL":"","_VenueStateProvince":"","_VenueLat":"","_VenueLng":"","_VenueShowMap":false,"_VenueShowMapLink":false,"footnotes":""},"categories":[31],"tags":[],"class_list":["post-8173","post","type-post","status-publish","format-standard","hentry","category-conference"],"_links":{"self":[{"href":"http:\/\/sfej.asso.fr\/index.php?rest_route=\/wp\/v2\/posts\/8173","targetHints":{"allow":["GET"]}}],"collection":[{"href":"http:\/\/sfej.asso.fr\/index.php?rest_route=\/wp\/v2\/posts"}],"about":[{"href":"http:\/\/sfej.asso.fr\/index.php?rest_route=\/wp\/v2\/types\/post"}],"author":[{"embeddable":true,"href":"http:\/\/sfej.asso.fr\/index.php?rest_route=\/wp\/v2\/users\/3"}],"replies":[{"embeddable":true,"href":"http:\/\/sfej.asso.fr\/index.php?rest_route=%2Fwp%2Fv2%2Fcomments&post=8173"}],"version-history":[{"count":1,"href":"http:\/\/sfej.asso.fr\/index.php?rest_route=\/wp\/v2\/posts\/8173\/revisions"}],"predecessor-version":[{"id":8174,"href":"http:\/\/sfej.asso.fr\/index.php?rest_route=\/wp\/v2\/posts\/8173\/revisions\/8174"}],"wp:attachment":[{"href":"http:\/\/sfej.asso.fr\/index.php?rest_route=%2Fwp%2Fv2%2Fmedia&parent=8173"}],"wp:term":[{"taxonomy":"category","embeddable":true,"href":"http:\/\/sfej.asso.fr\/index.php?rest_route=%2Fwp%2Fv2%2Fcategories&post=8173"},{"taxonomy":"post_tag","embeddable":true,"href":"http:\/\/sfej.asso.fr\/index.php?rest_route=%2Fwp%2Fv2%2Ftags&post=8173"}],"curies":[{"name":"wp","href":"https:\/\/api.w.org\/{rel}","templated":true}]}}