{"id":8175,"date":"2025-12-01T11:14:18","date_gmt":"2025-12-01T10:14:18","guid":{"rendered":"http:\/\/sfej.asso.fr\/?p=8175"},"modified":"2025-12-01T11:18:06","modified_gmt":"2025-12-01T10:18:06","slug":"jfr-2025-journees-francophones-de-la-recherche-5-6-decembre-2025-tokyo-et-zoom","status":"publish","type":"post","link":"http:\/\/sfej.asso.fr\/?p=8175","title":{"rendered":"[JFR 2025] Journ\u00e9es Francophones de la Recherche, 5 &amp; 6 d\u00e9cembre 2025, Tokyo et Zoom"},"content":{"rendered":"\n<p>Les Journ\u00e9es Francophones de la Recherche auront lieu \u00e0 Tokyo et sur Zoom. <\/p>\n\n\n\n<p>Depuis 1997, cette rencontre annuelle r\u00e9unit la communaut\u00e9 de chercheurs et \u00e9tudiants francophones \u00e9tablis au Japon,&nbsp;<strong>toutes disciplines et toutes nationalit\u00e9s confondues<\/strong>. L\u2019objectif de la JFR est de permettre aux chercheurs, \u00e9tudiants, doctorants, ing\u00e9nieurs, institutionnels, repr\u00e9sentants d\u2019entreprise ou toutes personnes int\u00e9ress\u00e9es de se rencontrer et d\u2019\u00e9changer sur leurs activit\u00e9s au Japon.<\/p>\n\n\n\n<p>La participation est&nbsp;<strong>gratuite&nbsp;<\/strong>et<strong>&nbsp;<\/strong>ouverte&nbsp;\u00e0 tous, mais&nbsp;<strong><a rel=\"noreferrer noopener\" target=\"_blank\" href=\"https:\/\/us02web.zoom.us\/meeting\/register\/5VehRSa9S9yQruSIOFrOIQ\">l\u2019inscription est&nbsp;obligatoire<\/a><\/strong>&nbsp;via notre&nbsp;<strong><a rel=\"noreferrer noopener\" target=\"_blank\" href=\"https:\/\/us02web.zoom.us\/meeting\/register\/5VehRSa9S9yQruSIOFrOIQ\">formulaire en ligne<\/a><\/strong>.&nbsp;<\/p>\n\n\n\n<h3 class=\"wp-block-heading has-vivid-red-color has-text-color has-link-color wp-elements-31fc9e8e7497084df90c2c9e28225bf9\">Programme<\/h3>\n\n\n\n<h4 class=\"wp-block-heading has-vivid-cyan-blue-color has-text-color has-link-color wp-elements-ef349be3d8829e5e8070859db4859f60\"><span style=\"text-decoration: underline;\">Vendredi 5 d\u00e9cembre 2025<\/span><\/h4>\n\n\n\n<p>Accueil \u00e0 partir de 9h30<\/p>\n\n\n\n<h5 class=\"wp-block-heading\"><strong>10h00-10h30. Introduction<\/strong><\/h5>\n\n\n\n<p>Mots d\u2019introduction par&nbsp;<strong>Cecile Laly<\/strong>&nbsp;(Pr\u00e9sidente de Sciencescope),&nbsp;<strong>Jean-Baptiste Bordes<\/strong>&nbsp;(Attach\u00e9 pour la Science et la Technologie de l\u2019Ambassade de France au Japon) et&nbsp;<strong>Bruno Le Pioufle<\/strong>&nbsp;(Directeur du bureau du CNRS en Asie du Nord-Est)<\/p>\n\n\n\n<h5 class=\"wp-block-heading\"><strong>10h30-12h00. Session 1<\/strong><\/h5>\n\n\n\n<p>Mod\u00e9ration :&nbsp;<strong>Anne-Claire Eiler<\/strong>&nbsp;(universit\u00e9 de Tokyo)<\/p>\n\n\n\n<p>\u30fb<strong>10h30-11h00.&nbsp;<\/strong><strong>Jean-Claude Crivello<\/strong>&nbsp;(LINK \u2013 CNRS)<br><em>Explorer l\u2019espace des mat\u00e9riaux avec l\u2019intelligence artificielle ?<\/em><\/p>\n\n\n\n<p>\u30fb<strong>11h00-11h30. Lyc\u00e9e Fran\u00e7ais International de Ho Chi Minh<\/strong>&nbsp;\u2013 Projet lyc\u00e9ens encadr\u00e9 par&nbsp;<strong>Jean Engel<\/strong>&nbsp;(LFI Duras)<br><em>La pr\u00e9servation et la mise en valeur du patrimoine alimentaire des M\u2019n\u00f4ngs (Dak Lak) dans le cadre du d\u00e9veloppement de projets touristiques durables<\/em>(en ligne)<\/p>\n\n\n\n<p>\u30fb<strong>11h30-12h00. Xavier Michel-Tanaka<\/strong>&nbsp;(universit\u00e9 des Sciences de Tokyo)<br><em>\u00c9<\/em>tude arch\u00e9ologique et approche exp\u00e9rimentale de l\u2019\u00e9volution de la conception des fourneaux de r\u00e9duction dans le Ch\u016bgoku au Japon (VI<sup>e<\/sup>&nbsp;\u2013 XVI<sup>e<\/sup>si\u00e8cle)<\/p>\n\n\n\n<p>12h00-13h30. Pause d\u00e9jeuner + session posters<\/p>\n\n\n\n<h5 class=\"wp-block-heading\"><strong>13h30-15h00.&nbsp;<\/strong><strong>Session 2<\/strong><\/h5>\n\n\n\n<p>Mod\u00e9ration :&nbsp;<strong>Aur\u00e9lien Kerever<\/strong>&nbsp;(universit\u00e9 Juntendo)<\/p>\n\n\n\n<p>\u30fb<strong>13h30-14h00.&nbsp;<\/strong><strong>Lucile Druet<\/strong>&nbsp;(universit\u00e9 Kansai gaidai)<br><em>La Place des Apprenties Geishas dans les Films et S\u00e9ries d\u2019apr\u00e8s-guerre<\/em><\/p>\n\n\n\n<p>\u30fb<strong>14h00-14h30. Lyc\u00e9e Fran\u00e7ais International de Tokyo \u2013&nbsp;<\/strong>Projet lyc\u00e9ens encadr\u00e9 par&nbsp;<strong>Chryst\u00e8le Gademer<\/strong>&nbsp;(LFI Tokyo)<br><em>La repr\u00e9sentation de l\u2019Antiquit\u00e9 dans la culture Populaire<\/em><\/p>\n\n\n\n<p>\u30fb<strong>14h30-14h40. Maxime Allioux<\/strong>&nbsp;(JAMSTEC)<br><em>Exploration de la diversit\u00e9 cach\u00e9e des microorganismes eucaryotes sous-marins<\/em><\/p>\n\n\n\n<p>\u30fb<strong>14h40-14h50. Lyc\u00e9e Fran\u00e7ais International de Kyoto \u2013&nbsp;<\/strong>Projet lyc\u00e9ens encadr\u00e9 par&nbsp;<strong>Antoine Boyer<\/strong>&nbsp;(LFI Kyoto)<br><em>Le g\u00e8ne ABCC11 : un d\u00e9terminant g\u00e9n\u00e9tique de l\u2019odeur corporelle humaine<\/em><\/p>\n\n\n\n<p>\u30fb<strong>14h50-15h00. Anne-Claire Eiler<\/strong>&nbsp;(universit\u00e9 de Tokyo)<br><em>R\u00e9seau d\u2019\u00e9lectrodes semi-transparentes pour \u00e9tudier les cellules cardiaques<\/em><\/p>\n\n\n\n<p>15h00-15h30. Pause-caf\u00e9 + session posters<\/p>\n\n\n\n<h5 class=\"wp-block-heading\"><strong>15h30-17h30. Session 3 &nbsp;<\/strong><\/h5>\n\n\n\n<p>Mod\u00e9ration :&nbsp;<strong>Jacques Maleval<\/strong>&nbsp;(CNRS)<\/p>\n\n\n\n<p>\u30fb<strong>15h30-16h00. Lyc\u00e9e Fran\u00e7ais International de Phnom Penh<\/strong>&nbsp;\u2013 Projet lyc\u00e9ens encadr\u00e9 par&nbsp;<strong>Nad\u00e8ge Mantion<\/strong>&nbsp;(LF Descartes)<br><em>Le sous-r\u00e9seau de r\u00e9sistance Betty, r\u00e9seau Coty<\/em><\/p>\n\n\n\n<p>\u30fb<strong>16h00-16h30. Tom K\u00fchner<\/strong>&nbsp;(universit\u00e9 du Tohoku)<br><em>Apprentissage et circulation de savoirs militaire : le cas de l\u2019attach\u00e9 naval fran\u00e7ais durant la Guerre russo-japonaise<\/em><\/p>\n\n\n\n<p>\u30fb<strong>16h30-17h00. \u00c9cole europ\u00e9enne de Taipei \u2013 Lyc\u00e9e Fran\u00e7ais de Taipei<\/strong>&nbsp;\u2013 Projet encadr\u00e9 par&nbsp;<strong>Sylvain Amisse-Paoletti<\/strong>&nbsp;(LFI Taipei)<br><em>La construction et la n\u00e9gociation des identit\u00e9s dans un lyc\u00e9e : analyse des interactions sociales et des discours<\/em><\/p>\n\n\n\n<p>\u30fb<strong>17h00-17h10. Ren Funawatari<\/strong>&nbsp;(universit\u00e9 Aoyama Gakuin)<br><em>Le camouflage autistique reconsid\u00e9r\u00e9 : Examen de sa nature multidimensionnelle<\/em><\/p>\n\n\n\n<p>\u30fb<strong>17h10-17h20. Lyc\u00e9e Fran\u00e7ais International de Tokyo<\/strong>&nbsp;\u2013 Projet lyc\u00e9ens encadr\u00e9 par&nbsp;<strong>Laurent Abbal<\/strong>&nbsp;(LFI Tokyo)<br><em>Scientific Game Jam&nbsp;<\/em><\/p>\n\n\n\n<h4 class=\"wp-block-heading has-vivid-cyan-blue-color has-text-color has-link-color wp-elements-63d84a81d352793945f0efda2994284f\"><span style=\"text-decoration: underline;\">Samedi 6 d\u00e9cembre 2025<\/span><\/h4>\n\n\n\n<h5 class=\"wp-block-heading\"><strong>10h00-12h00. Session 4<\/strong><\/h5>\n\n\n\n<p>Mod\u00e9ration :&nbsp;<strong>Adeline Lassaux<\/strong>&nbsp;(SST \u2013 Ambassade de France au Japon)<\/p>\n\n\n\n<p>\u30fb<strong>10h00-10h30. Alexandre Zampa<\/strong>&nbsp;(universit\u00e9 de Tokyo)<br><em>Supraconducteurs \u00e0 haute temp\u00e9rature critique : caract\u00e9risation du mat\u00e9riau et \u00e9lectroaimant<\/em><\/p>\n\n\n\n<p>\u30fb<strong>10h30-10h40. Marwan Ben Miled<\/strong>&nbsp;(National Institute for Material Science \u2013 NIMS)<br><em>Pr\u00e9sentation de la voie des C\u00e9ramiques D\u00e9riv\u00e9es de Polym\u00e8res (PDC) et de ses applications possibles dans la production d\u2019hydrog\u00e8ne<\/em><\/p>\n\n\n\n<p>\u30fb<strong>10h40-11h40. Table ronde \u00ab&nbsp;\u00e9tudes de genre&nbsp;\u00bb<\/strong><br>\u2013&nbsp;<strong>Ronan Cantal<\/strong>&nbsp;(universit\u00e9 Hitotsubashi)<br><em>Dire \u00ab moi \u00bb autrement : langage et exp\u00e9rience de la masculinit\u00e9 chez les hommes gays japonais<\/em><br>\u2013&nbsp;<strong>Naoko Hosokawa<\/strong>&nbsp;(universit\u00e9 des sciences naturelles de Tokyo)<br><em>Langage, genre et emprunts : Le cas du mot \u00ab f\u00e9ministe \u00bb en japonais<\/em><br>\u2013<strong>&nbsp;Ama\u00ebl Cognacq<\/strong>&nbsp;(universit\u00e9 de Tokyo)<br><em>\u00c9tudier les mouvements antif\u00e9ministes en ligne en France et au Japon : Mon projet doctoral en dix minutes<\/em><\/p>\n\n\n\n<p>\u30fb<strong>11h40-11h50. Cl\u00e9ment Deleau<\/strong>&nbsp;(LAAS-CNRS)<br><em>Circuit photonique int\u00e9gr\u00e9 avec \u00e9metteur quantique en nanotube de carbone fonctionnalis\u00e9 op\u00e9rant \u00e0 temp\u00e9rature ambiante<\/em><\/p>\n\n\n\n<p>\u30fb<strong>11h50-12h00. Judit Erika Magyar<\/strong>&nbsp;(EURAXESS Japan)<br><em>Horizon Europe Funding and EURAXESS Japan Services<\/em><\/p>\n\n\n\n<p>12h00-13h30. Pause d\u00e9jeuner + session posters<\/p>\n\n\n\n<h5 class=\"wp-block-heading\"><strong>13h30-14h50. Session 5<\/strong><\/h5>\n\n\n\n<p>Mod\u00e9ration :&nbsp;<strong>Lucile Druet<\/strong>&nbsp;(universit\u00e9 Kansai gaidai)&nbsp;<\/p>\n\n\n\n<p>\u30fb<strong>13h30-13h40. Matheus Motta<\/strong>&nbsp;<strong>de Moura<\/strong>&nbsp;(universit\u00e9 des \u00e9tudes \u00e9trang\u00e8res de Tokyo)<br><em>Religion, d\u00e9sinformation et comportement \u00e9lectoral transnational : le soutien \u00e0 Bolsonaro parmi les Br\u00e9siliens au Japon<\/em><\/p>\n\n\n\n<p>\u30fb<strong>13h40-13h50. Anne-Sophie Mpacko<\/strong>&nbsp;(universit\u00e9 Keio)<br><em>Devenir m\u00e8re loin de chez soi : Une analyse transculturelle de l\u2019exp\u00e9rience des m\u00e8res fran\u00e7aises au Japon<\/em><\/p>\n\n\n\n<p>\u30fb<strong>13h50-14h50. Table ronde \u201cLa revue France-Japon<\/strong>\u201c<br><strong>Lyc\u00e9e Fran\u00e7ais International de Tokyo<\/strong>&nbsp;\u2013 Projet lyc\u00e9en encadr\u00e9 par&nbsp;<strong>Gilles Mastalski<\/strong>&nbsp;\/&nbsp;<strong>Jean-S\u00e9bastien Bukowiecki<\/strong>&nbsp;(LFI Tokyo)<br><em>\u2013 Entre propagande et culture. Qui sont les auteurs fran\u00e7ais et japonais publi\u00e9s dans les quarante-quatre num\u00e9ros de la revue France-Japon (1934-1940) ?<\/em><br><em>\u2013 Que nous r\u00e9v\u00e8lent les encarts publicitaires de la revue France-Japon ?&nbsp;<\/em><br>\u2013<em>&nbsp;Relations franco-japonaises et g\u00e9opolitique de l\u2019Asie orientale au prisme de la revue France-Japon (1934-1940)<\/em><br><em>\u2013 Des contributions oubli\u00e9es : l\u2019\u00e9crivaine franco-japonaise Kikou Yamata dans la revue France-Japon (1934-1940)<\/em><\/p>\n\n\n\n<p>14h50-15h20. Pause-caf\u00e9 + session posters<\/p>\n\n\n\n<h5 class=\"wp-block-heading\"><strong>15h20-16h10. Session 6 &nbsp;<\/strong><\/h5>\n\n\n\n<p>Mod\u00e9ration :&nbsp;<strong>Naoko Hosokawa<\/strong>&nbsp;(universit\u00e9 des sciences naturelles de Tokyo)<\/p>\n\n\n\n<p>\u30fb<strong>15h20-15h30. Charles Plessy<\/strong>&nbsp;(Okinawa Institute of Science and Technology Graduate University \u2013 OIST)<br><em>Les g\u00e9nomes brouill\u00e9s dans l\u2019arbre du Vivant<\/em><\/p>\n\n\n\n<p>\u30fb<strong>15h30-16h00. Antoine Caillot<\/strong>&nbsp;(CNRS-AIST Joint Robotics Laboratory)<br><em>Robot, watch your step!<\/em><\/p>\n\n\n\n<p>\u30fb<strong>16h00-16h10. Laura Ari\u00e8s<\/strong>&nbsp;(universit\u00e9 des \u00e9tudes \u00e9trang\u00e8res de Kyoto)<br><em>Retour sur l\u2019exposition \u00ab Tigres en papier m\u00e2ch\u00e9 \u00bb : recherche, collection et transmission<\/em><\/p>\n\n\n\n<p>16h10-16h40. Pause-caf\u00e9 + session posters<\/p>\n\n\n\n<h5 class=\"wp-block-heading\"><strong>16h40-17h40. Conf\u00e9rence invit\u00e9e<\/strong><\/h5>\n\n\n\n<p><strong>Yoan Cherasse<\/strong>&nbsp;(universit\u00e9 de Tsukuba)<br><em>Pourquoi dormons-nous? Les r\u00e9ponses de quatre si\u00e8cles de science<\/em><\/p>\n\n\n\n<p>18h00-20h00. Pot convivial<\/p>\n\n\n\n<p><a href=\"https:\/\/www.sciencescope.org\/\" target=\"_blank\" rel=\"noreferrer noopener\"><strong>Sciencescope<\/strong><\/a>\u00a0\u2013 l\u2019Association des \u00e9tudiants et chercheurs francophones au Japon, l\u2019<a href=\"https:\/\/jp.ambafrance.org\/\" target=\"_blank\" rel=\"noreferrer noopener\"><strong>Ambassade de France au Japon<\/strong><\/a>\u00a0(SST et SC\/IFJ), et le\u00a0<a href=\"https:\/\/tokyo.cnrs.fr\/\" target=\"_blank\" rel=\"noreferrer noopener\"><strong>Bureau de Tokyo du CNRS<\/strong><\/a>\u00a0Asie du Nord-Est organisent les\u00a0<strong><a href=\"https:\/\/www.sciencescope.org\/jfr2025\/\" target=\"_blank\" rel=\"noreferrer noopener\">Journ\u00e9es Francophones de la Recherche 2025<\/a>\u00a0<\/strong>(JFR 2025) le\u00a0<strong>vendredi 5\u00a0<\/strong>et le\u00a0<strong>samedi 6 d\u00e9cembre\u00a0<\/strong>2025 \u00e0 l\u2019<strong>universit\u00e9 de Tokyo<\/strong>\u00a0(campus de Hongo, Takeda Hall).\u00a0<strong>Format hybride<\/strong>\u00a0: l\u2019\u00e9v\u00e9nement sera simultan\u00e9ment retransmis sur\u00a0<strong>Zoom<\/strong>.<\/p>\n","protected":false},"excerpt":{"rendered":"<p>Les Journ\u00e9es Francophones de la Recherche auront lieu \u00e0 Tokyo et sur Zoom. Depuis 1997, cette rencontre annuelle r\u00e9unit la communaut\u00e9 de chercheurs et \u00e9tudiants francophones \u00e9tablis au Japon,&nbsp;toutes disciplines et toutes nationalit\u00e9s confondues. L\u2019objectif de la JFR est de&hellip;&nbsp;<a href=\"http:\/\/sfej.asso.fr\/?p=8175\" class=\"more-link\">Lire la suite<\/a><\/p>\n","protected":false},"author":3,"featured_media":0,"comment_status":"closed","ping_status":"closed","sticky":false,"template":"","format":"standard","meta":{"_EventAllDay":false,"_EventTimezone":"","_EventStartDate":"","_EventEndDate":"","_EventStartDateUTC":"","_EventEndDateUTC":"","_EventShowMap":false,"_EventShowMapLink":false,"_EventURL":"","_EventCost":"","_EventCostDescription":"","_EventCurrencySymbol":"","_EventCurrencyCode":"","_EventCurrencyPosition":"","_EventDateTimeSeparator":"","_EventTimeRangeSeparator":"","_EventOrganizerID":[],"_EventVenueID":[],"_OrganizerEmail":"","_OrganizerPhone":"","_OrganizerWebsite":"","_VenueAddress":"","_VenueCity":"","_VenueCountry":"","_VenueProvince":"","_VenueState":"","_VenueZip":"","_VenuePhone":"","_VenueURL":"","_VenueStateProvince":"","_VenueLat":"","_VenueLng":"","_VenueShowMap":false,"_VenueShowMapLink":false,"footnotes":""},"categories":[28,30],"tags":[],"class_list":["post-8175","post","type-post","status-publish","format-standard","hentry","category-actualites","category-colloque"],"_links":{"self":[{"href":"http:\/\/sfej.asso.fr\/index.php?rest_route=\/wp\/v2\/posts\/8175","targetHints":{"allow":["GET"]}}],"collection":[{"href":"http:\/\/sfej.asso.fr\/index.php?rest_route=\/wp\/v2\/posts"}],"about":[{"href":"http:\/\/sfej.asso.fr\/index.php?rest_route=\/wp\/v2\/types\/post"}],"author":[{"embeddable":true,"href":"http:\/\/sfej.asso.fr\/index.php?rest_route=\/wp\/v2\/users\/3"}],"replies":[{"embeddable":true,"href":"http:\/\/sfej.asso.fr\/index.php?rest_route=%2Fwp%2Fv2%2Fcomments&post=8175"}],"version-history":[{"count":2,"href":"http:\/\/sfej.asso.fr\/index.php?rest_route=\/wp\/v2\/posts\/8175\/revisions"}],"predecessor-version":[{"id":8179,"href":"http:\/\/sfej.asso.fr\/index.php?rest_route=\/wp\/v2\/posts\/8175\/revisions\/8179"}],"wp:attachment":[{"href":"http:\/\/sfej.asso.fr\/index.php?rest_route=%2Fwp%2Fv2%2Fmedia&parent=8175"}],"wp:term":[{"taxonomy":"category","embeddable":true,"href":"http:\/\/sfej.asso.fr\/index.php?rest_route=%2Fwp%2Fv2%2Fcategories&post=8175"},{"taxonomy":"post_tag","embeddable":true,"href":"http:\/\/sfej.asso.fr\/index.php?rest_route=%2Fwp%2Fv2%2Ftags&post=8175"}],"curies":[{"name":"wp","href":"https:\/\/api.w.org\/{rel}","templated":true}]}}