{"id":8181,"date":"2025-12-02T07:16:31","date_gmt":"2025-12-02T06:16:31","guid":{"rendered":"http:\/\/sfej.asso.fr\/?p=8181"},"modified":"2025-12-02T07:35:37","modified_gmt":"2025-12-02T06:35:37","slug":"16e-colloque-de-la-sfej-17-19-decembre-2025-bordeaux","status":"publish","type":"post","link":"http:\/\/sfej.asso.fr\/?p=8181","title":{"rendered":"16\u00e8me Colloque de la SFEJ, 17-19 d\u00e9cembre 2025, Bordeaux"},"content":{"rendered":"\n<p>Le 16\u00e8me Colloque de la SFEJ se tiendra \u00e0 l&rsquo;Universit\u00e9 Bordeaux Montaigne du 17 au 19 d\u00e9cembre 2025 sur la th\u00e9matique \u00ab\u00a0Le singulier\u00a0\u00bb. Vous pouvez t\u00e9l\u00e9charger <strong><em><a href=\"http:\/\/sfej.asso.fr\/wp-content\/uploads\/2025\/12\/SFEJ_Bordeaux.pdf\" data-type=\"link\" data-id=\"http:\/\/sfej.asso.fr\/wp-content\/uploads\/2025\/12\/SFEJ_Bordeaux.pdf\">le programme sur ce lien.<\/a><\/em><\/strong><\/p>\n\n\n<div class=\"wp-block-image\">\n<figure class=\"aligncenter size-full\"><img loading=\"lazy\" decoding=\"async\" width=\"1538\" height=\"2186\" src=\"http:\/\/sfej.asso.fr\/wp-content\/uploads\/2025\/12\/ColloqueSFEJ.jpg\" alt=\"\" class=\"wp-image-8182\" srcset=\"http:\/\/sfej.asso.fr\/wp-content\/uploads\/2025\/12\/ColloqueSFEJ.jpg 1538w, http:\/\/sfej.asso.fr\/wp-content\/uploads\/2025\/12\/ColloqueSFEJ-211x300.jpg 211w, http:\/\/sfej.asso.fr\/wp-content\/uploads\/2025\/12\/ColloqueSFEJ-720x1024.jpg 720w, http:\/\/sfej.asso.fr\/wp-content\/uploads\/2025\/12\/ColloqueSFEJ-768x1092.jpg 768w, http:\/\/sfej.asso.fr\/wp-content\/uploads\/2025\/12\/ColloqueSFEJ-1081x1536.jpg 1081w, http:\/\/sfej.asso.fr\/wp-content\/uploads\/2025\/12\/ColloqueSFEJ-1441x2048.jpg 1441w, http:\/\/sfej.asso.fr\/wp-content\/uploads\/2025\/12\/ColloqueSFEJ-190x270.jpg 190w\" sizes=\"auto, (max-width: 1538px) 100vw, 1538px\" \/><figcaption class=\"wp-element-caption\">Screenshot<\/figcaption><\/figure>\n<\/div>","protected":false},"excerpt":{"rendered":"<p>Le 16\u00e8me Colloque de la SFEJ se tiendra \u00e0 l&rsquo;Universit\u00e9 Bordeaux Montaigne du 17 au 19 d\u00e9cembre 2025 sur la th\u00e9matique \u00ab\u00a0Le singulier\u00a0\u00bb. Vous pouvez t\u00e9l\u00e9charger le programme sur ce lien.<\/p>\n","protected":false},"author":3,"featured_media":0,"comment_status":"closed","ping_status":"closed","sticky":false,"template":"","format":"standard","meta":{"_EventAllDay":false,"_EventTimezone":"","_EventStartDate":"","_EventEndDate":"","_EventStartDateUTC":"","_EventEndDateUTC":"","_EventShowMap":false,"_EventShowMapLink":false,"_EventURL":"","_EventCost":"","_EventCostDescription":"","_EventCurrencySymbol":"","_EventCurrencyCode":"","_EventCurrencyPosition":"","_EventDateTimeSeparator":"","_EventTimeRangeSeparator":"","_EventOrganizerID":[],"_EventVenueID":[],"_OrganizerEmail":"","_OrganizerPhone":"","_OrganizerWebsite":"","_VenueAddress":"","_VenueCity":"","_VenueCountry":"","_VenueProvince":"","_VenueState":"","_VenueZip":"","_VenuePhone":"","_VenueURL":"","_VenueStateProvince":"","_VenueLat":"","_VenueLng":"","_VenueShowMap":false,"_VenueShowMapLink":false,"footnotes":""},"categories":[28,30,36,12],"tags":[],"class_list":["post-8181","post","type-post","status-publish","format-standard","hentry","category-actualites","category-colloque","category-colloque-sfej","category-sfej"],"_links":{"self":[{"href":"http:\/\/sfej.asso.fr\/index.php?rest_route=\/wp\/v2\/posts\/8181","targetHints":{"allow":["GET"]}}],"collection":[{"href":"http:\/\/sfej.asso.fr\/index.php?rest_route=\/wp\/v2\/posts"}],"about":[{"href":"http:\/\/sfej.asso.fr\/index.php?rest_route=\/wp\/v2\/types\/post"}],"author":[{"embeddable":true,"href":"http:\/\/sfej.asso.fr\/index.php?rest_route=\/wp\/v2\/users\/3"}],"replies":[{"embeddable":true,"href":"http:\/\/sfej.asso.fr\/index.php?rest_route=%2Fwp%2Fv2%2Fcomments&post=8181"}],"version-history":[{"count":3,"href":"http:\/\/sfej.asso.fr\/index.php?rest_route=\/wp\/v2\/posts\/8181\/revisions"}],"predecessor-version":[{"id":8188,"href":"http:\/\/sfej.asso.fr\/index.php?rest_route=\/wp\/v2\/posts\/8181\/revisions\/8188"}],"wp:attachment":[{"href":"http:\/\/sfej.asso.fr\/index.php?rest_route=%2Fwp%2Fv2%2Fmedia&parent=8181"}],"wp:term":[{"taxonomy":"category","embeddable":true,"href":"http:\/\/sfej.asso.fr\/index.php?rest_route=%2Fwp%2Fv2%2Fcategories&post=8181"},{"taxonomy":"post_tag","embeddable":true,"href":"http:\/\/sfej.asso.fr\/index.php?rest_route=%2Fwp%2Fv2%2Ftags&post=8181"}],"curies":[{"name":"wp","href":"https:\/\/api.w.org\/{rel}","templated":true}]}}