{"id":8194,"date":"2025-12-05T17:48:59","date_gmt":"2025-12-05T16:48:59","guid":{"rendered":"http:\/\/sfej.asso.fr\/?p=8194"},"modified":"2025-12-05T17:49:47","modified_gmt":"2025-12-05T16:49:47","slug":"parution-modalites-et-acteurs-de-la-transmission-au-japon-presses-universitaires-rhin-danube","status":"publish","type":"post","link":"http:\/\/sfej.asso.fr\/?p=8194","title":{"rendered":"[Parution] Modalit\u00e9s et acteurs de la transmission au Japon, Presses Universitaires Rhin &amp; Danube"},"content":{"rendered":"\n<p>\u00c9velyne Lesigne-Audoly, Sandra Schaal et Nozomi Takahashi ont le plaisir de vous annoncer la parution de l\u2019ouvrage collectif qu&rsquo;elles ont coordonn\u00e9 : <em><a href=\"https:\/\/www.purhindanube.eu\/e-boutique\/modalites-et-acteurs-de-la-transmission-au-japon\/\" data-type=\"link\" data-id=\"https:\/\/www.purhindanube.eu\/e-boutique\/modalites-et-acteurs-de-la-transmission-au-japon\/\">Modalit\u00e9s et acteurs de la transmission au Japon<\/a><\/em>, aux Presses universitaires Rhin &amp; Danube. Cet ouvrage vient \u00e9toffer la collection Europe-Japon des Presses Universitaires Rhin &amp; Danube, dirig\u00e9e par Nicolas Baumert.<\/p>\n\n\n<div class=\"wp-block-image\">\n<figure class=\"aligncenter size-full\"><a href=\"https:\/\/www.purhindanube.eu\/e-boutique\/modalites-et-acteurs-de-la-transmission-au-japon\/\"><img loading=\"lazy\" decoding=\"async\" width=\"2370\" height=\"1916\" src=\"http:\/\/sfej.asso.fr\/wp-content\/uploads\/2025\/12\/PRRD.jpg\" alt=\"\" class=\"wp-image-8195\" srcset=\"http:\/\/sfej.asso.fr\/wp-content\/uploads\/2025\/12\/PRRD.jpg 2370w, http:\/\/sfej.asso.fr\/wp-content\/uploads\/2025\/12\/PRRD-300x243.jpg 300w, http:\/\/sfej.asso.fr\/wp-content\/uploads\/2025\/12\/PRRD-1024x828.jpg 1024w, http:\/\/sfej.asso.fr\/wp-content\/uploads\/2025\/12\/PRRD-768x621.jpg 768w, http:\/\/sfej.asso.fr\/wp-content\/uploads\/2025\/12\/PRRD-1536x1242.jpg 1536w, http:\/\/sfej.asso.fr\/wp-content\/uploads\/2025\/12\/PRRD-2048x1656.jpg 2048w, http:\/\/sfej.asso.fr\/wp-content\/uploads\/2025\/12\/PRRD-334x270.jpg 334w\" sizes=\"auto, (max-width: 2370px) 100vw, 2370px\" \/><\/a><\/figure>\n<\/div>","protected":false},"excerpt":{"rendered":"<p>\u00c9velyne Lesigne-Audoly, Sandra Schaal et Nozomi Takahashi ont le plaisir de vous annoncer la parution de l\u2019ouvrage collectif qu&rsquo;elles ont coordonn\u00e9 : Modalit\u00e9s et acteurs de la transmission au Japon, aux Presses universitaires Rhin &amp; Danube. Cet ouvrage vient \u00e9toffer&hellip;&nbsp;<a href=\"http:\/\/sfej.asso.fr\/?p=8194\" class=\"more-link\">Lire la suite<\/a><\/p>\n","protected":false},"author":3,"featured_media":0,"comment_status":"closed","ping_status":"closed","sticky":false,"template":"","format":"standard","meta":{"_EventAllDay":false,"_EventTimezone":"","_EventStartDate":"","_EventEndDate":"","_EventStartDateUTC":"","_EventEndDateUTC":"","_EventShowMap":false,"_EventShowMapLink":false,"_EventURL":"","_EventCost":"","_EventCostDescription":"","_EventCurrencySymbol":"","_EventCurrencyCode":"","_EventCurrencyPosition":"","_EventDateTimeSeparator":"","_EventTimeRangeSeparator":"","_EventOrganizerID":[],"_EventVenueID":[],"_OrganizerEmail":"","_OrganizerPhone":"","_OrganizerWebsite":"","_VenueAddress":"","_VenueCity":"","_VenueCountry":"","_VenueProvince":"","_VenueState":"","_VenueZip":"","_VenuePhone":"","_VenueURL":"","_VenueStateProvince":"","_VenueLat":"","_VenueLng":"","_VenueShowMap":false,"_VenueShowMapLink":false,"footnotes":""},"categories":[28,2],"tags":[],"class_list":["post-8194","post","type-post","status-publish","format-standard","hentry","category-actualites","category-publications"],"_links":{"self":[{"href":"http:\/\/sfej.asso.fr\/index.php?rest_route=\/wp\/v2\/posts\/8194","targetHints":{"allow":["GET"]}}],"collection":[{"href":"http:\/\/sfej.asso.fr\/index.php?rest_route=\/wp\/v2\/posts"}],"about":[{"href":"http:\/\/sfej.asso.fr\/index.php?rest_route=\/wp\/v2\/types\/post"}],"author":[{"embeddable":true,"href":"http:\/\/sfej.asso.fr\/index.php?rest_route=\/wp\/v2\/users\/3"}],"replies":[{"embeddable":true,"href":"http:\/\/sfej.asso.fr\/index.php?rest_route=%2Fwp%2Fv2%2Fcomments&post=8194"}],"version-history":[{"count":2,"href":"http:\/\/sfej.asso.fr\/index.php?rest_route=\/wp\/v2\/posts\/8194\/revisions"}],"predecessor-version":[{"id":8197,"href":"http:\/\/sfej.asso.fr\/index.php?rest_route=\/wp\/v2\/posts\/8194\/revisions\/8197"}],"wp:attachment":[{"href":"http:\/\/sfej.asso.fr\/index.php?rest_route=%2Fwp%2Fv2%2Fmedia&parent=8194"}],"wp:term":[{"taxonomy":"category","embeddable":true,"href":"http:\/\/sfej.asso.fr\/index.php?rest_route=%2Fwp%2Fv2%2Fcategories&post=8194"},{"taxonomy":"post_tag","embeddable":true,"href":"http:\/\/sfej.asso.fr\/index.php?rest_route=%2Fwp%2Fv2%2Ftags&post=8194"}],"curies":[{"name":"wp","href":"https:\/\/api.w.org\/{rel}","templated":true}]}}