{"id":8523,"date":"2026-03-09T10:07:33","date_gmt":"2026-03-09T09:07:33","guid":{"rendered":"http:\/\/sfej.asso.fr\/?p=8523"},"modified":"2026-03-09T10:07:33","modified_gmt":"2026-03-09T09:07:33","slug":"recrutement-enseignant-prag-ou-prce-de-japonais-inalco-candidatures-a-envoyer-jusquau-8-avril-2026","status":"publish","type":"post","link":"http:\/\/sfej.asso.fr\/?p=8523","title":{"rendered":"[Recrutement] Enseignant (PRAG ou PRCE) de japonais, Inalco, candidatures \u00e0 envoyer jusqu&rsquo;au 8 avril 2026"},"content":{"rendered":"\n<p>Monsieur Jean Bazantay a le plaisir de vous informer que le d\u00e9partement d\u2019\u00e9tudes japonaises de l\u2019Inalco recrute, pour la rentr\u00e9e prochaine, un enseignant du second degr\u00e9 (PRAG ou PRCE) de japonais.<\/p>\n\n\n\n<p><strong>Enregistrement candidature :<\/strong><br>https:\/\/www.galaxie.enseignementsup-recherche.gouv.fr\/ensup\/cand_recrutement_PRAG_PRCE.htm<br>Du lundi 9 mars 2026 \u00e0 10 heures (heure de Paris) au mercredi 8 avril 2026 \u00e0 16 heures (heure de Paris).<br><br><strong>Etude des dossiers: 15 avril 2026<br>Auditions: 11 mai 2026<\/strong><\/p>\n\n\n\n<p>Contenu central<\/p>\n\n\n\n<h2 class=\"wp-block-heading\">Enseignement<\/h2>\n\n\n\n<p>L\u2019enseignant(e) recrut\u00e9(e) devra pouvoir assurer et coordonner des cours de langue \u00e0 tous les niveaux du cycle de licence LLCER, et dans les quatre comp\u00e9tences (r\u00e9ception orale et \u00e9crite&nbsp;; production orale et \u00e9crite). Il ou elle pourra aussi \u00eatre amen\u00e9(e) \u00e0 assurer des cours de langue du master LLCER et \u00e0 encadrer des travaux de M1.<\/p>\n\n\n\n<p>Une participation active aux t\u00e2ches collectives li\u00e9es \u00e0 la vie du d\u00e9partement est \u00e9galement attendue. Une comp\u00e9tence en TICE et une r\u00e9flexion sur la p\u00e9dagogie num\u00e9rique est \u00e9galement souhaitable.<\/p>\n\n\n\n<p>Il ou elle pourrait \u00eatre amen\u00e9(e) \u00e0 assurer des cours de pr\u00e9paration aux concours (CAPES, Agr\u00e9gation), ainsi que des cours de civilisation en japonais.<\/p>\n\n\n\n<p>Le poste n\u2019implique aucune obligation de recherche, mais l\u2019enseignant(e) recrut\u00e9(e) pourrait, s\u2019il ou elle le souhaite, participer aux activit\u00e9s scientifiques de l\u2019IFRAE en fonction de ses centres d\u2019int\u00e9r\u00eat.<\/p>\n\n\n\n<p>D\u00e9partement d\u2019enseignement&nbsp;: &nbsp;\u00c9tudes japonaises<br>Lieu d\u2019exercice&nbsp;: INALCO, 65 rue des Grands Moulins CS21351 75214-PARIS cedex 13<br>Directeur\/directrice d\u00e9partement&nbsp;: Jean Bazantay<br>Courriel du directeur\/de la directrice de d\u00e9partement&nbsp;: &nbsp;<a href=\"https:\/\/www.inalco.fr\/institut\/concours-recrutement\/prag\/prce-langue-japonaise-ndeg-galaxie\/vega-4249#\">Voir l&rsquo;e-mail<\/a> &nbsp;<br>URL du d\u00e9partement&nbsp;: URL du d\u00e9partement&nbsp;: &nbsp;<a href=\"https:\/\/www.inalco.fr\/etudes-japonaises\">https:\/\/www.inalco.fr\/etudes-japonaises<\/a>&nbsp;<\/p>\n\n\n\n<h2 class=\"wp-block-heading\">Proc\u00e9dure de candidature<\/h2>\n\n\n\n<p><strong>R\u00e9f\u00e9rence&nbsp;: BO num\u00e9ro 28 du 10 juillet 2025<\/strong><\/p>\n\n\n\n<p>Les candidats doivent saisir leur d\u00e9claration de candidature et transmettre leur dossier \u00e9lectronique dans le domaine applicatif GALAXIE, module VEGA, accessible \u00e0 partir du portail Galaxie des personnels du sup\u00e9rieur.<\/p>\n\n\n\n<p>Enregistrement candidature&nbsp;:<br><a href=\"https:\/\/www.galaxie.enseignementsup-recherche.gouv.fr\/ensup\/cand_recrutement_PRAG_PRCE.htm\" target=\"_blank\" rel=\"noreferrer noopener\">https:\/\/www.galaxie.enseignementsup-recherche.gouv.fr\/ensup\/cand_recrutement_PRAG_PRCE.htm<\/a>&nbsp;<\/p>\n\n\n\n<p>Guide d\u2019utilisation du module VEGA&nbsp;:<br><a href=\"https:\/\/galaxie.enseignementsup-recherche.gouv.fr\/documentation\/web\/galaxie-can\/recrutement-prag-prce-peps-plp\/nouvelle-candidature\" target=\"_blank\" rel=\"noreferrer noopener\">https:\/\/galaxie.enseignementsup-recherche.gouv.fr\/documentation\/web\/galaxie-can\/recrutement-prag-prce-peps-plp\/nouvelle-candidature<\/a>&nbsp;<\/p>\n\n\n\n<p><strong>D\u00e9lai d\u2019enregistrement&nbsp;:<\/strong><\/p>\n\n\n\n<p>Du <strong>lundi 9 mars 2026 \u00e0 10 heures (heure de Paris) au mercredi 8 avril \u00e0 16 heures (heure de Paris)<\/strong><\/p>\n\n\n\n<p>Aucun dossier transmis par mail ne sera accept\u00e9.<br>Aucun dossier ne sera accept\u00e9 apr\u00e8s la date de cl\u00f4ture des inscriptions, fix\u00e9e au 08 avril 2026 (16h).<\/p>\n\n\n\n<h2 class=\"wp-block-heading\">Composition du dossier de candidature<\/h2>\n\n\n\n<p><br>1.\u00a0\u00a0\u00a0\u00a0La copie recto-verso de la carte nationale d\u2019identit\u00e9 ou du passeport en cours de validit\u00e9\u00a0;<br>2.\u00a0\u00a0\u00a0\u00a0Un curriculum vitae d\u00e9taill\u00e9\u00a0;<br>3.\u00a0\u00a0\u00a0\u00a0Une copie de l\u2019arr\u00eat\u00e9 justifiant du dernier classement dans le corps et le grade occup\u00e9\u00a0;<br>4.\u00a0\u00a0\u00a0\u00a0Une copie du dernier arr\u00eat\u00e9 d\u2019affectation\u00a0;<br>5.\u00a0\u00a0\u00a0\u00a0Pour les personnels en position autre que l\u2019activit\u00e9, une copie de l\u2019arr\u00eat\u00e9 indiquant leur position administrative (d\u00e9tachement\u00a0\u00ab\u00a0si premi\u00e8re campagne\u00a0\u00bb, disponibilit\u00e9, cong\u00e9s divers)\u00a0;<br>6.\u00a0\u00a0\u00a0\u00a0Justificatif RQTH, le cas \u00e9ch\u00e9ant\u00a0;<br>7.\u00a0\u00a0\u00a0\u00a0Une lettre de motivation.<\/p>\n\n\n\n<p><strong><em><a href=\"http:\/\/sfej.asso.fr\/wp-content\/uploads\/2026\/03\/INALCO-PRAG-Japonais-2026.pdf\" data-type=\"link\" data-id=\"http:\/\/sfej.asso.fr\/wp-content\/uploads\/2026\/03\/INALCO-PRAG-Japonais-2026.pdf\">Profil de l&#8217;emploi \u00e0 t\u00e9l\u00e9charger sur ce lien.<\/a><\/em><\/strong><br><br><br><\/p>\n","protected":false},"excerpt":{"rendered":"<p>Monsieur Jean Bazantay a le plaisir de vous informer que le d\u00e9partement d\u2019\u00e9tudes japonaises de l\u2019Inalco recrute, pour la rentr\u00e9e prochaine, un enseignant du second degr\u00e9 (PRAG ou PRCE) de japonais. Enregistrement candidature :https:\/\/www.galaxie.enseignementsup-recherche.gouv.fr\/ensup\/cand_recrutement_PRAG_PRCE.htmDu lundi 9 mars 2026 \u00e0 10&hellip;&nbsp;<a href=\"http:\/\/sfej.asso.fr\/?p=8523\" class=\"more-link\">Lire la suite<\/a><\/p>\n","protected":false},"author":3,"featured_media":0,"comment_status":"closed","ping_status":"closed","sticky":false,"template":"","format":"standard","meta":{"_EventAllDay":false,"_EventTimezone":"","_EventStartDate":"","_EventEndDate":"","_EventStartDateUTC":"","_EventEndDateUTC":"","_EventShowMap":false,"_EventShowMapLink":false,"_EventURL":"","_EventCost":"","_EventCostDescription":"","_EventCurrencySymbol":"","_EventCurrencyCode":"","_EventCurrencyPosition":"","_EventDateTimeSeparator":"","_EventTimeRangeSeparator":"","_EventOrganizerID":[],"_EventVenueID":[],"_OrganizerEmail":"","_OrganizerPhone":"","_OrganizerWebsite":"","_VenueAddress":"","_VenueCity":"","_VenueCountry":"","_VenueProvince":"","_VenueState":"","_VenueZip":"","_VenuePhone":"","_VenueURL":"","_VenueStateProvince":"","_VenueLat":"","_VenueLng":"","_VenueShowMap":false,"_VenueShowMapLink":false,"footnotes":""},"categories":[28,33],"tags":[],"class_list":["post-8523","post","type-post","status-publish","format-standard","hentry","category-actualites","category-poste"],"_links":{"self":[{"href":"http:\/\/sfej.asso.fr\/index.php?rest_route=\/wp\/v2\/posts\/8523","targetHints":{"allow":["GET"]}}],"collection":[{"href":"http:\/\/sfej.asso.fr\/index.php?rest_route=\/wp\/v2\/posts"}],"about":[{"href":"http:\/\/sfej.asso.fr\/index.php?rest_route=\/wp\/v2\/types\/post"}],"author":[{"embeddable":true,"href":"http:\/\/sfej.asso.fr\/index.php?rest_route=\/wp\/v2\/users\/3"}],"replies":[{"embeddable":true,"href":"http:\/\/sfej.asso.fr\/index.php?rest_route=%2Fwp%2Fv2%2Fcomments&post=8523"}],"version-history":[{"count":2,"href":"http:\/\/sfej.asso.fr\/index.php?rest_route=\/wp\/v2\/posts\/8523\/revisions"}],"predecessor-version":[{"id":8526,"href":"http:\/\/sfej.asso.fr\/index.php?rest_route=\/wp\/v2\/posts\/8523\/revisions\/8526"}],"wp:attachment":[{"href":"http:\/\/sfej.asso.fr\/index.php?rest_route=%2Fwp%2Fv2%2Fmedia&parent=8523"}],"wp:term":[{"taxonomy":"category","embeddable":true,"href":"http:\/\/sfej.asso.fr\/index.php?rest_route=%2Fwp%2Fv2%2Fcategories&post=8523"},{"taxonomy":"post_tag","embeddable":true,"href":"http:\/\/sfej.asso.fr\/index.php?rest_route=%2Fwp%2Fv2%2Ftags&post=8523"}],"curies":[{"name":"wp","href":"https:\/\/api.w.org\/{rel}","templated":true}]}}