{"id":8546,"date":"2026-03-17T17:41:40","date_gmt":"2026-03-17T16:41:40","guid":{"rendered":"https:\/\/sfej.asso.fr\/?p=8546"},"modified":"2026-03-17T17:41:41","modified_gmt":"2026-03-17T16:41:41","slug":"journee-detude-approches-de-la-poesie-chinoise-et-japonaise-27-mars-2026-paris","status":"publish","type":"post","link":"http:\/\/sfej.asso.fr\/?p=8546","title":{"rendered":"[Journ\u00e9e d&rsquo;\u00e9tude] \u00ab\u00a0Approches de la po\u00e9sie chinoise et japonaise\u00a0\u00bb, 27 mars 2026, Paris"},"content":{"rendered":"\n<h4 class=\"wp-block-heading has-text-align-center\">UNIVERSITE PARIS CITE &#8211; CRCAO<br>Demi-journ\u00e9e d\u2019\u00e9tude doctorale<br>\u00ab\u00a0APPROCHES DE LA PO\u00c9SIE CHINOISE ET JAPONAISE<br>vendredi 27 mars 2026, 14h00 &#8211; 18h00<br>Salle L\u00e9on Vandermeersch<br>Grands Moulins 481C<br>5, rue Thomas Mann 75013 Paris<\/h4>\n\n\n\n<h3 class=\"wp-block-heading\">Contacts<\/h3>\n\n\n\n<p><a href=\"mailto:stephane.feuillas@u-paris.fr\">stephane.feuillas@u-paris.fr<\/a>&nbsp;;&nbsp;<a href=\"mailto:shuang.xu@u-paris.fr\">shuang.xu@u-paris.fr<\/a>&nbsp;;&nbsp;<a rel=\"noreferrer noopener\" target=\"_blank\" href=\"mailto:daniel.struve@u-paris.fr\">daniel.struve@u-paris.fr<\/a><\/p>\n\n\n\n<h3 class=\"wp-block-heading\">Programme<\/h3>\n\n\n\n<p>14h00-14h15 Accueil, pr\u00e9sentations, remarques liminaires<\/p>\n\n\n\n<p>14h15-14h55&nbsp;<strong>SHI Yijun&nbsp;<\/strong>(\u00e9tudes chinoises), Construction d\u2019un espace po\u00e9tique : les r\u00eaves dans les po\u00e8mes \u00e0 chanter (<em>ci<\/em>&nbsp;\u8a5e) du&nbsp;<em>Parmi les fleurs<\/em>&nbsp;(<em>Huajian ji<\/em>&nbsp;\u82b1\u9593\u96c6)<\/p>\n\n\n\n<p>14h55-15h35&nbsp;<strong>YE Moxuan<\/strong>&nbsp;(\u00e9tudes chinoises), Le vers de Du Fu comme mod\u00e8le po\u00e9tique : citation et formation du po\u00e8te dans les propos sur la po\u00e9sie (<em>shihua<\/em>&nbsp;\u8a69\u8a71) des Song (960-1279)<\/p>\n\n\n\n<p>15h35-16h15&nbsp;<strong>Gregorio ENGAZ<\/strong>&nbsp;(\u00e9tudes japonaises).&nbsp;&nbsp;In search of the&nbsp;<em>z\u014d<\/em>&nbsp;tradition: A comparative analysis of the \u201cMiscellaneous poems\u201d of the&nbsp;<em>Kokinsh\u016b<\/em>&nbsp;and of the imperial anthologies of&nbsp;<em>kanshi<\/em><\/p>\n\n\n\n<p>16h15-16h35 pause<\/p>\n\n\n\n<p>16h35-17h15&nbsp;<strong>Axel MICHEL<\/strong>&nbsp;(\u00e9tudes japonaises). Penser la sociabilit\u00e9 po\u00e9tique. L&rsquo;exemple du Japon des empereurs retir\u00e9s<\/p>\n\n\n\n<p>17h15-17h55&nbsp;<strong>Han ZOU<\/strong>&nbsp;(\u00e9tudes chinoises). L&rsquo;\u00e9criture du monde v\u00e9g\u00e9tal dans la po\u00e9sie chinoise contemporaine<\/p>\n\n\n\n<p>Avec la participation de St\u00e9phane&nbsp;Feuillas&nbsp;(UPC, CRCAO), Daniel&nbsp;Struve&nbsp;(UPC, CRCAO), Michel&nbsp;Vieillard-Baron&nbsp;(EPHE, CRCAO), Shuang&nbsp;Xu&nbsp;(UPC, CRCAO).<\/p>\n","protected":false},"excerpt":{"rendered":"<p>UNIVERSITE PARIS CITE &#8211; CRCAODemi-journ\u00e9e d\u2019\u00e9tude doctorale\u00ab\u00a0APPROCHES DE LA PO\u00c9SIE CHINOISE ET JAPONAISEvendredi 27 mars 2026, 14h00 &#8211; 18h00Salle L\u00e9on VandermeerschGrands Moulins 481C5, rue Thomas Mann 75013 Paris Contacts stephane.feuillas@u-paris.fr&nbsp;;&nbsp;shuang.xu@u-paris.fr&nbsp;;&nbsp;daniel.struve@u-paris.fr Programme 14h00-14h15 Accueil, pr\u00e9sentations, remarques liminaires 14h15-14h55&nbsp;SHI Yijun&nbsp;(\u00e9tudes chinoises), Construction&hellip;&nbsp;<a href=\"http:\/\/sfej.asso.fr\/?p=8546\" class=\"more-link\">Lire la suite<\/a><\/p>\n","protected":false},"author":3,"featured_media":0,"comment_status":"closed","ping_status":"closed","sticky":false,"template":"","format":"standard","meta":{"_EventAllDay":false,"_EventTimezone":"","_EventStartDate":"","_EventEndDate":"","_EventStartDateUTC":"","_EventEndDateUTC":"","_EventShowMap":false,"_EventShowMapLink":false,"_EventURL":"","_EventCost":"","_EventCostDescription":"","_EventCurrencySymbol":"","_EventCurrencyCode":"","_EventCurrencyPosition":"","_EventDateTimeSeparator":"","_EventTimeRangeSeparator":"","_EventOrganizerID":[],"_EventVenueID":[],"_OrganizerEmail":"","_OrganizerPhone":"","_OrganizerWebsite":"","_VenueAddress":"","_VenueCity":"","_VenueCountry":"","_VenueProvince":"","_VenueState":"","_VenueZip":"","_VenuePhone":"","_VenueURL":"","_VenueStateProvince":"","_VenueLat":"","_VenueLng":"","_VenueShowMap":false,"_VenueShowMapLink":false,"footnotes":""},"categories":[28,30],"tags":[],"class_list":["post-8546","post","type-post","status-publish","format-standard","hentry","category-actualites","category-colloque"],"_links":{"self":[{"href":"http:\/\/sfej.asso.fr\/index.php?rest_route=\/wp\/v2\/posts\/8546","targetHints":{"allow":["GET"]}}],"collection":[{"href":"http:\/\/sfej.asso.fr\/index.php?rest_route=\/wp\/v2\/posts"}],"about":[{"href":"http:\/\/sfej.asso.fr\/index.php?rest_route=\/wp\/v2\/types\/post"}],"author":[{"embeddable":true,"href":"http:\/\/sfej.asso.fr\/index.php?rest_route=\/wp\/v2\/users\/3"}],"replies":[{"embeddable":true,"href":"http:\/\/sfej.asso.fr\/index.php?rest_route=%2Fwp%2Fv2%2Fcomments&post=8546"}],"version-history":[{"count":1,"href":"http:\/\/sfej.asso.fr\/index.php?rest_route=\/wp\/v2\/posts\/8546\/revisions"}],"predecessor-version":[{"id":8547,"href":"http:\/\/sfej.asso.fr\/index.php?rest_route=\/wp\/v2\/posts\/8546\/revisions\/8547"}],"wp:attachment":[{"href":"http:\/\/sfej.asso.fr\/index.php?rest_route=%2Fwp%2Fv2%2Fmedia&parent=8546"}],"wp:term":[{"taxonomy":"category","embeddable":true,"href":"http:\/\/sfej.asso.fr\/index.php?rest_route=%2Fwp%2Fv2%2Fcategories&post=8546"},{"taxonomy":"post_tag","embeddable":true,"href":"http:\/\/sfej.asso.fr\/index.php?rest_route=%2Fwp%2Fv2%2Ftags&post=8546"}],"curies":[{"name":"wp","href":"https:\/\/api.w.org\/{rel}","templated":true}]}}