{"id":8550,"date":"2026-03-18T10:03:23","date_gmt":"2026-03-18T09:03:23","guid":{"rendered":"https:\/\/sfej.asso.fr\/?p=8550"},"modified":"2026-03-18T10:03:23","modified_gmt":"2026-03-18T09:03:23","slug":"conference-les-traductions-de-litterature-japonaise-pendant-la-guerre-froide-kenichi-abe-24-mars-2026-college-de-france","status":"publish","type":"post","link":"http:\/\/sfej.asso.fr\/?p=8550","title":{"rendered":"[Conf\u00e9rence] \u00ab\u00a0Les traductions de litt\u00e9rature japonaise pendant la guerre froide\u00a0\u00bb, Kenichi ABE, 24 mars 2026, Coll\u00e8ge de France"},"content":{"rendered":"\n<p>Invit\u00e9 par l&rsquo;assembl\u00e9e du Coll\u00e8ge de France sur proposition du professeur William MARX, conf\u00e9rence de Monsieur Kenichi ABE, professeur \u00e0 l&rsquo;universit\u00e9 de Tokyo, le 24 mars 2026 de 15h \u00e0 16h sur \u00ab\u00a0Les traductions de litt\u00e9rature japonaise pendant la guerre froide\u00a0\u00bb. <\/p>\n\n\n\n<p>Amphith\u00e9\u00e2tre Mireille Delmas-Marty, Coll\u00e8ge de France, 11 place Marcelin-Berthelot, 75005 Paris<\/p>\n\n\n<div class=\"wp-block-image\">\n<figure class=\"aligncenter size-full\"><img loading=\"lazy\" decoding=\"async\" width=\"724\" height=\"1120\" src=\"https:\/\/sfej.asso.fr\/wp-content\/uploads\/2026\/03\/college-de-france.jpg\" alt=\"\" class=\"wp-image-8551\" srcset=\"http:\/\/sfej.asso.fr\/wp-content\/uploads\/2026\/03\/college-de-france.jpg 724w, http:\/\/sfej.asso.fr\/wp-content\/uploads\/2026\/03\/college-de-france-194x300.jpg 194w, http:\/\/sfej.asso.fr\/wp-content\/uploads\/2026\/03\/college-de-france-662x1024.jpg 662w, http:\/\/sfej.asso.fr\/wp-content\/uploads\/2026\/03\/college-de-france-175x270.jpg 175w\" sizes=\"auto, (max-width: 724px) 100vw, 724px\" \/><\/figure>\n<\/div>","protected":false},"excerpt":{"rendered":"<p>Invit\u00e9 par l&rsquo;assembl\u00e9e du Coll\u00e8ge de France sur proposition du professeur William MARX, conf\u00e9rence de Monsieur Kenichi ABE, professeur \u00e0 l&rsquo;universit\u00e9 de Tokyo, le 24 mars 2026 de 15h \u00e0 16h sur \u00ab\u00a0Les traductions de litt\u00e9rature japonaise pendant la guerre&hellip;&nbsp;<a href=\"http:\/\/sfej.asso.fr\/?p=8550\" class=\"more-link\">Lire la suite<\/a><\/p>\n","protected":false},"author":3,"featured_media":0,"comment_status":"closed","ping_status":"closed","sticky":false,"template":"","format":"standard","meta":{"_EventAllDay":false,"_EventTimezone":"","_EventStartDate":"","_EventEndDate":"","_EventStartDateUTC":"","_EventEndDateUTC":"","_EventShowMap":false,"_EventShowMapLink":false,"_EventURL":"","_EventCost":"","_EventCostDescription":"","_EventCurrencySymbol":"","_EventCurrencyCode":"","_EventCurrencyPosition":"","_EventDateTimeSeparator":"","_EventTimeRangeSeparator":"","_EventOrganizerID":[],"_EventVenueID":[],"_OrganizerEmail":"","_OrganizerPhone":"","_OrganizerWebsite":"","_VenueAddress":"","_VenueCity":"","_VenueCountry":"","_VenueProvince":"","_VenueState":"","_VenueZip":"","_VenuePhone":"","_VenueURL":"","_VenueStateProvince":"","_VenueLat":"","_VenueLng":"","_VenueShowMap":false,"_VenueShowMapLink":false,"footnotes":""},"categories":[28,31],"tags":[],"class_list":["post-8550","post","type-post","status-publish","format-standard","hentry","category-actualites","category-conference"],"_links":{"self":[{"href":"http:\/\/sfej.asso.fr\/index.php?rest_route=\/wp\/v2\/posts\/8550","targetHints":{"allow":["GET"]}}],"collection":[{"href":"http:\/\/sfej.asso.fr\/index.php?rest_route=\/wp\/v2\/posts"}],"about":[{"href":"http:\/\/sfej.asso.fr\/index.php?rest_route=\/wp\/v2\/types\/post"}],"author":[{"embeddable":true,"href":"http:\/\/sfej.asso.fr\/index.php?rest_route=\/wp\/v2\/users\/3"}],"replies":[{"embeddable":true,"href":"http:\/\/sfej.asso.fr\/index.php?rest_route=%2Fwp%2Fv2%2Fcomments&post=8550"}],"version-history":[{"count":1,"href":"http:\/\/sfej.asso.fr\/index.php?rest_route=\/wp\/v2\/posts\/8550\/revisions"}],"predecessor-version":[{"id":8552,"href":"http:\/\/sfej.asso.fr\/index.php?rest_route=\/wp\/v2\/posts\/8550\/revisions\/8552"}],"wp:attachment":[{"href":"http:\/\/sfej.asso.fr\/index.php?rest_route=%2Fwp%2Fv2%2Fmedia&parent=8550"}],"wp:term":[{"taxonomy":"category","embeddable":true,"href":"http:\/\/sfej.asso.fr\/index.php?rest_route=%2Fwp%2Fv2%2Fcategories&post=8550"},{"taxonomy":"post_tag","embeddable":true,"href":"http:\/\/sfej.asso.fr\/index.php?rest_route=%2Fwp%2Fv2%2Ftags&post=8550"}],"curies":[{"name":"wp","href":"https:\/\/api.w.org\/{rel}","templated":true}]}}