{"id":8723,"date":"2026-04-27T09:19:31","date_gmt":"2026-04-27T07:19:31","guid":{"rendered":"http:\/\/sfej.asso.fr\/?p=8723"},"modified":"2026-04-27T09:19:31","modified_gmt":"2026-04-27T07:19:31","slug":"recrutements-lethica-universite-de-strasbourg","status":"publish","type":"post","link":"http:\/\/sfej.asso.fr\/?p=8723","title":{"rendered":"[Recrutements] LETHICA Universit\u00e9 de Strasbourg"},"content":{"rendered":"\n<p>LETHICA (Litt\u00e9ratures, \u00e9thique &amp; arts), l&rsquo;un des \u00ab\u00a0Instituts th\u00e9matiques interdisciplinaires\u00a0\u00bb (ITI) de l&rsquo;universit\u00e9 de Strasbourg, lance des appels \u00e0 candidatures et recrutements pour 2026-2027.<\/p>\n\n\n\n<p>Bien que ces annonces ne concernent pas sp\u00e9cifiquement les \u00e9tudes japonaises, les chercheurs en langues et civilisations (y compris bien s\u00fbr le Japon \/ le japonais) entrent dans le p\u00e9rim\u00e8tre de LETHICA.<\/p>\n\n\n\n<p>En plus des traditionnelles bourses doctorales et de master, l&rsquo;ITI ouvre cette ann\u00e9e une chaire de deux ans destin\u00e9e \u00e0 un enseignant-chercheur de niveau postdoctoral susceptible de d\u00e9livrer des enseignements interdisciplinaires sur les relations entre \u00e9thique, art et litt\u00e9rature.<\/p>\n\n\n\n<p>&#8211; chaire Lethica :&nbsp;<a href=\"https:\/\/www.fabula.org\/actualites\/133995\/chaire-lethica-chercheur-e-en-developpement-interdisciplinaire-et-innovation-universite-de-strasbourg.html\">https:\/\/www.fabula.org\/actualites\/133995\/chaire-lethica-chercheur-e-en-developpement-interdisciplinaire-et-innovation-universite-de-strasbourg.html<\/a><\/p>\n\n\n\n<p>&#8211; contrats doctoraux 3 ans (premi\u00e8re inscription) et 1 an (pour les \u00e9tudiants en fin de th\u00e8se) :&nbsp;<a href=\"https:\/\/lethica.unistra.fr\/recherche\/doctorants\/#c70506\">https:\/\/lethica.unistra.fr\/recherche\/doctorants\/#c70506<\/a><\/p>\n\n\n\n<p>&#8211; bourses d&rsquo;\u00e9tudes Mobiliti pour le Master :&nbsp;<a href=\"https:\/\/lethica.unistra.fr\/formation\/bourses-detude\/#c47821\">https:\/\/lethica.unistra.fr\/formation\/bourses-detude\/#c47821<\/a><\/p>\n\n\n\n<p><a href=\"https:\/\/lethica.unistra.fr\/\" data-type=\"link\" data-id=\"https:\/\/lethica.unistra.fr\/\">Lien vers la page d&rsquo;accueil de LETHICA.<\/a><\/p>\n","protected":false},"excerpt":{"rendered":"<p>LETHICA (Litt\u00e9ratures, \u00e9thique &amp; arts), l&rsquo;un des \u00ab\u00a0Instituts th\u00e9matiques interdisciplinaires\u00a0\u00bb (ITI) de l&rsquo;universit\u00e9 de Strasbourg, lance des appels \u00e0 candidatures et recrutements pour 2026-2027. Bien que ces annonces ne concernent pas sp\u00e9cifiquement les \u00e9tudes japonaises, les chercheurs en langues et&hellip;&nbsp;<a href=\"http:\/\/sfej.asso.fr\/?p=8723\" class=\"more-link\">Lire la suite<\/a><\/p>\n","protected":false},"author":3,"featured_media":0,"comment_status":"closed","ping_status":"closed","sticky":false,"template":"","format":"standard","meta":{"_EventAllDay":false,"_EventTimezone":"","_EventStartDate":"","_EventEndDate":"","_EventStartDateUTC":"","_EventEndDateUTC":"","_EventShowMap":false,"_EventShowMapLink":false,"_EventURL":"","_EventCost":"","_EventCostDescription":"","_EventCurrencySymbol":"","_EventCurrencyCode":"","_EventCurrencyPosition":"","_EventDateTimeSeparator":"","_EventTimeRangeSeparator":"","_EventOrganizerID":[],"_EventVenueID":[],"_OrganizerEmail":"","_OrganizerPhone":"","_OrganizerWebsite":"","_VenueAddress":"","_VenueCity":"","_VenueCountry":"","_VenueProvince":"","_VenueState":"","_VenueZip":"","_VenuePhone":"","_VenueURL":"","_VenueStateProvince":"","_VenueLat":"","_VenueLng":"","_VenueShowMap":false,"_VenueShowMapLink":false,"footnotes":""},"categories":[28,33],"tags":[],"class_list":["post-8723","post","type-post","status-publish","format-standard","hentry","category-actualites","category-poste"],"_links":{"self":[{"href":"http:\/\/sfej.asso.fr\/index.php?rest_route=\/wp\/v2\/posts\/8723","targetHints":{"allow":["GET"]}}],"collection":[{"href":"http:\/\/sfej.asso.fr\/index.php?rest_route=\/wp\/v2\/posts"}],"about":[{"href":"http:\/\/sfej.asso.fr\/index.php?rest_route=\/wp\/v2\/types\/post"}],"author":[{"embeddable":true,"href":"http:\/\/sfej.asso.fr\/index.php?rest_route=\/wp\/v2\/users\/3"}],"replies":[{"embeddable":true,"href":"http:\/\/sfej.asso.fr\/index.php?rest_route=%2Fwp%2Fv2%2Fcomments&post=8723"}],"version-history":[{"count":1,"href":"http:\/\/sfej.asso.fr\/index.php?rest_route=\/wp\/v2\/posts\/8723\/revisions"}],"predecessor-version":[{"id":8724,"href":"http:\/\/sfej.asso.fr\/index.php?rest_route=\/wp\/v2\/posts\/8723\/revisions\/8724"}],"wp:attachment":[{"href":"http:\/\/sfej.asso.fr\/index.php?rest_route=%2Fwp%2Fv2%2Fmedia&parent=8723"}],"wp:term":[{"taxonomy":"category","embeddable":true,"href":"http:\/\/sfej.asso.fr\/index.php?rest_route=%2Fwp%2Fv2%2Fcategories&post=8723"},{"taxonomy":"post_tag","embeddable":true,"href":"http:\/\/sfej.asso.fr\/index.php?rest_route=%2Fwp%2Fv2%2Ftags&post=8723"}],"curies":[{"name":"wp","href":"https:\/\/api.w.org\/{rel}","templated":true}]}}