{"id":9042,"date":"2026-09-02T07:39:45","date_gmt":"2026-09-02T05:39:45","guid":{"rendered":"http:\/\/sfej.asso.fr\/?p=9042"},"modified":"2026-09-02T07:39:46","modified_gmt":"2026-09-02T05:39:46","slug":"rappel-appel-a-communications-atelier-doctoral-des-etudes-japonaises-2026","status":"publish","type":"post","link":"http:\/\/sfej.asso.fr\/?p=9042","title":{"rendered":"[Rappel] Appel \u00e0 communications &#8211; Atelier Doctoral des \u00c9tudes Japonaises 2026"},"content":{"rendered":"\n<p class=\"wp-block-paragraph\">Nous nous permettons de vous adresser un rappel concernant l&rsquo;appel&nbsp;\u00e0 communications en vue du neuvi\u00e8me Atelier Doctoral des \u00c9tudes Japonaises de la SFEJ. Il est ouvert aux doctorant\u22c5es en \u00e9tudes japonaises et aura lieu \u00e0 Paris (Campus Jourdan) le 4 d\u00e9cembre 2026.<\/p>\n\n\n\n<p class=\"wp-block-paragraph\">Appel \u00e0 communications \u00e0 t\u00e9l\u00e9charger <strong><a href=\"http:\/\/sfej.asso.fr\/wp-content\/uploads\/2026\/09\/AAC-ADEJ-2026.pdf\" data-type=\"link\" data-id=\"http:\/\/sfej.asso.fr\/wp-content\/uploads\/2026\/09\/AAC-ADEJ-2026.pdf\">sur ce lien<\/a><\/strong>.<\/p>\n\n\n\n<p class=\"wp-block-paragraph\">Les personnes int\u00e9ress\u00e9es sont invit\u00e9es \u00e0 envoyer les pi\u00e8ces demand\u00e9es avant le 18 septembre  2026.<\/p>\n\n\n\n<p class=\"wp-block-paragraph\">Nous vous serions reconnaissant\u22c5es de bien vouloir transmettre cet appel aux personnes qui pourraient vouloir participer.<\/p>\n\n\n\n<p class=\"wp-block-paragraph\">Bien cordialement,<\/p>\n\n\n\n<p class=\"wp-block-paragraph\">Les organisateur\u22c5rices<\/p>\n\n\n\n<p class=\"wp-block-paragraph\">Sania Carbone et Hugo Trevisan<\/p>\n","protected":false},"excerpt":{"rendered":"<p>Nous nous permettons de vous adresser un rappel concernant l&rsquo;appel&nbsp;\u00e0 communications en vue du neuvi\u00e8me Atelier Doctoral des \u00c9tudes Japonaises de la SFEJ. Il est ouvert aux doctorant\u22c5es en \u00e9tudes japonaises et aura lieu \u00e0 Paris (Campus Jourdan) le 4&hellip;&nbsp;<a href=\"http:\/\/sfej.asso.fr\/?p=9042\" class=\"more-link\">Lire la suite<\/a><\/p>\n","protected":false},"author":3,"featured_media":0,"comment_status":"closed","ping_status":"closed","sticky":false,"template":"","format":"standard","meta":{"_EventAllDay":false,"_EventTimezone":"","_EventStartDate":"","_EventEndDate":"","_EventStartDateUTC":"","_EventEndDateUTC":"","_EventShowMap":false,"_EventShowMapLink":false,"_EventURL":"","_EventCost":"","_EventCostDescription":"","_EventCurrencySymbol":"","_EventCurrencyCode":"","_EventCurrencyPosition":"","_EventDateTimeSeparator":"","_EventTimeRangeSeparator":"","_EventOrganizerID":[],"_EventVenueID":[],"_OrganizerEmail":"","_OrganizerPhone":"","_OrganizerWebsite":"","_VenueAddress":"","_VenueCity":"","_VenueCountry":"","_VenueProvince":"","_VenueState":"","_VenueZip":"","_VenuePhone":"","_VenueURL":"","_VenueStateProvince":"","_VenueLat":"","_VenueLng":"","_VenueShowMap":false,"_VenueShowMapLink":false,"footnotes":""},"categories":[28,29],"tags":[],"class_list":["post-9042","post","type-post","status-publish","format-standard","hentry","category-actualites","category-appel"],"_links":{"self":[{"href":"http:\/\/sfej.asso.fr\/index.php?rest_route=\/wp\/v2\/posts\/9042","targetHints":{"allow":["GET"]}}],"collection":[{"href":"http:\/\/sfej.asso.fr\/index.php?rest_route=\/wp\/v2\/posts"}],"about":[{"href":"http:\/\/sfej.asso.fr\/index.php?rest_route=\/wp\/v2\/types\/post"}],"author":[{"embeddable":true,"href":"http:\/\/sfej.asso.fr\/index.php?rest_route=\/wp\/v2\/users\/3"}],"replies":[{"embeddable":true,"href":"http:\/\/sfej.asso.fr\/index.php?rest_route=%2Fwp%2Fv2%2Fcomments&post=9042"}],"version-history":[{"count":2,"href":"http:\/\/sfej.asso.fr\/index.php?rest_route=\/wp\/v2\/posts\/9042\/revisions"}],"predecessor-version":[{"id":9045,"href":"http:\/\/sfej.asso.fr\/index.php?rest_route=\/wp\/v2\/posts\/9042\/revisions\/9045"}],"wp:attachment":[{"href":"http:\/\/sfej.asso.fr\/index.php?rest_route=%2Fwp%2Fv2%2Fmedia&parent=9042"}],"wp:term":[{"taxonomy":"category","embeddable":true,"href":"http:\/\/sfej.asso.fr\/index.php?rest_route=%2Fwp%2Fv2%2Fcategories&post=9042"},{"taxonomy":"post_tag","embeddable":true,"href":"http:\/\/sfej.asso.fr\/index.php?rest_route=%2Fwp%2Fv2%2Ftags&post=9042"}],"curies":[{"name":"wp","href":"https:\/\/api.w.org\/{rel}","templated":true}]}}