{"id":9051,"date":"2026-09-03T13:30:30","date_gmt":"2026-09-03T11:30:30","guid":{"rendered":"http:\/\/sfej.asso.fr\/?p=9051"},"modified":"2026-09-03T13:30:30","modified_gmt":"2026-09-03T11:30:30","slug":"conference-les-nouvelles-dimensions-de-la-securite-quel-role-pour-le-japon-19-septembre-2026-format-hybride-paris-mcjp","status":"publish","type":"post","link":"http:\/\/sfej.asso.fr\/?p=9051","title":{"rendered":"[Conf\u00e9rence] \u00ab\u00a0Les nouvelles dimensions de la s\u00e9curit\u00e9 : quel r\u00f4le pour le Japon ?\u00a0\u00bb, 19 septembre 2026, format hybride Paris (MCJP)"},"content":{"rendered":"\n<p class=\"wp-block-paragraph\">Cette conf\u00e9rence vise \u00e0 explorer, \u00e0 travers un dialogue entre nos deux intervenants, le r\u00f4le que le Japon est appel\u00e9 \u00e0 jouer dans un contexte international de plus en plus incertain et complexe. Elle permettra \u00e9galement de r\u00e9fl\u00e9chir \u00e0 la mani\u00e8re dont le Japon et la France peuvent, et doivent, renforcer leur coop\u00e9ration.<\/p>\n\n\n\n<p class=\"wp-block-paragraph\"><a href=\"https:\/\/www.mcjp.fr\/fr\/la-mcjp\/actualites\/les-nouvelles-dimensions-de-la-securite-quel-role-pour-le-japon\" target=\"_blank\" rel=\"noopener\">Les nouvelles dimensions de la s\u00e9curit\u00e9 : quel r\u00f4le pour le Japon ? &#8211; Maison de la culture du Japon \u00e0 Paris<\/a><\/p>\n\n\n\n<p class=\"wp-block-paragraph\"><strong>Date : samedi 19 septembre 2026<\/strong><br>Horaire : 14h (heure fran\u00e7aise)<br>Format : en pr\u00e9sentiel et en ligne sur notre cha\u00eene YouTube<\/p>\n\n\n\n<p class=\"wp-block-paragraph\"><strong>Intervenants :<\/strong><\/p>\n\n\n\n<p class=\"wp-block-paragraph\"><strong>Kazuto Suzuki<\/strong><\/p>\n\n\n\n<p class=\"wp-block-paragraph\">Professeur \u00e0 la Graduate School of Public Policy de l&rsquo;Universit\u00e9 de Tokyo et directeur de l\u2019Institute of Geoeconomics.<\/p>\n\n\n\n<p class=\"wp-block-paragraph\">N\u00e9 en 1970, il obtient en 2000 un doctorat en \u00e9tudes europ\u00e9ennes contemporaines \u00e0 l\u2019Universit\u00e9 de Sussex. De 2008 \u00e0 2020, il enseigne \u00e0 la Graduate School of Public Policy de l&rsquo;Universit\u00e9 de Hokkaido. Entre 2013 et 2015, il \u00e9tait membre du panel d\u2019experts des sanctions contre l\u2019Iran aupr\u00e8s du Conseil de s\u00e9curit\u00e9 des Nations unies. Depuis 2020, il est professeur \u00e0 la Graduate School of Public Policy de l&rsquo;Universit\u00e9 de Tokyo, et depuis 2022 il dirige l\u2019Institute of Geoeconomics. Il est \u00e9galement membre du conseil d\u2019experts sur la strat\u00e9gie de croissance du Japon, membre du comit\u00e9 de politique spatiale du Cabinet Office japonais, ainsi que pr\u00e9sident de la Japan Society of Security Trade Studies.<\/p>\n\n\n\n<p class=\"wp-block-paragraph\">Sp\u00e9cialiste de la politique internationale et d\u2019\u00e9conomie politique internationale.<\/p>\n\n\n\n<p class=\"wp-block-paragraph\">Publications principales : &nbsp;\u00ab\u00a0\u5730\u7d4c\u5b66\u3068\u306f\u4f55\u304b \u2015\u7d4c\u6e08\u304c\u6b66\u5668\u5316\u3059\u308b\u6642\u4ee3\u306e\u6226\u7565\u601d\u8003\u2015\u00a0\u00bb\uff08Shincho Sensho, 2025\uff09, \u00ab\u00a0\u5b87\u5b99\u958b\u767a\u3068\u56fd\u969b\u653f\u6cbb\u00a0\u00bb\uff08Iwanami Shoten, 2011, laur\u00e9at du Prix Suntory des sciences humaines)<\/p>\n\n\n\n<p class=\"wp-block-paragraph\"><strong>Val\u00e9rie Niquet<\/strong><\/p>\n\n\n\n<p class=\"wp-block-paragraph\">Ma\u00eetre de recherche \u00e0 la Fondation pour la recherche strat\u00e9gique (FRS) \u00e0 Paris, o\u00f9 elle conduit des travaux sur les affaires strat\u00e9giques en Asie et dirige le programme Japon.<\/p>\n\n\n\n<p class=\"wp-block-paragraph\">De 2005 \u00e0 2010, elle a \u00e9t\u00e9 responsable du Centre Asie de l\u2019Institut fran\u00e7ais des relations internationales (Ifri), apr\u00e8s avoir dirig\u00e9 le programme Asie \u00e0 l\u2019Institut de relations internationales et strat\u00e9giques (IRIS), o\u00f9 elle a fond\u00e9 l\u2019Observatoire des strat\u00e9gies chinoises et asiatiques.<\/p>\n\n\n\n<p class=\"wp-block-paragraph\">Ses recherches portent sur la politique \u00e9trang\u00e8re et de s\u00e9curit\u00e9 de la Chine, la posture strat\u00e9gique du Japon, les relations \u00e0 travers le d\u00e9troit de Ta\u00efwan et l\u2019\u00e9volution de l\u2019architecture de s\u00e9curit\u00e9 dans l\u2019Indo-Pacifique. Elle a publi\u00e9 de nombreux travaux sur ces questions, dont plusieurs ouvrages de r\u00e9f\u00e9rence tels que \u00ab\u00a0La puissance chinoise en 100 questions\u00a0\u00bb (2017), \u00ab\u00a0Le Japon en 100 questions\u00a0\u00bb (2025), \u00ab\u00a0Ta\u00efwan face \u00e0 la Chine\u00a0\u00bb (2021) et \u00ab\u00a0L\u2019Indo-Pacifique, nouveau centre du monde\u00a0\u00bb (2025).<\/p>\n\n\n\n<p class=\"wp-block-paragraph\">Elle est membre de l\u2019Acad\u00e9mie des sciences d\u2019outre-mer, du conseil acad\u00e9mique du Wilfried Martens Centre for European Studies, et participe r\u00e9guli\u00e8rement \u00e0 des conf\u00e9rences et dialogues internationaux. Elle apporte fr\u00e9quemment son expertise aupr\u00e8s de forums acad\u00e9miques et gouvernementaux.<\/p>\n\n\n\n<p class=\"wp-block-paragraph\"><strong>Entr\u00e9e libre sur r\u00e9servation<\/strong>&nbsp;:&nbsp;<a href=\"https:\/\/mcj.shop.secutix.com\/selection\/event\/date?productId=10229955456488&amp;lang=fr\" target=\"_blank\" rel=\"noopener\">Choix des places [Maison de la culture du Japon \u00e0 Paris | 19.09.2026 &#8211; 14:00 | Les nouvelles dimensions de la s\u00e9curit\u00e9] &#8211; Maison de la culture du Japon \u00e0 Paris<\/a><\/p>\n\n\n\n<p class=\"wp-block-paragraph\"><\/p>\n","protected":false},"excerpt":{"rendered":"<p>Cette conf\u00e9rence vise \u00e0 explorer, \u00e0 travers un dialogue entre nos deux intervenants, le r\u00f4le que le Japon est appel\u00e9 \u00e0 jouer dans un contexte international de plus en plus incertain et complexe. Elle permettra \u00e9galement de r\u00e9fl\u00e9chir \u00e0 la&hellip;&nbsp;<a href=\"http:\/\/sfej.asso.fr\/?p=9051\" class=\"more-link\">Lire la suite<\/a><\/p>\n","protected":false},"author":3,"featured_media":0,"comment_status":"closed","ping_status":"closed","sticky":false,"template":"","format":"standard","meta":{"_EventAllDay":false,"_EventTimezone":"","_EventStartDate":"","_EventEndDate":"","_EventStartDateUTC":"","_EventEndDateUTC":"","_EventShowMap":false,"_EventShowMapLink":false,"_EventURL":"","_EventCost":"","_EventCostDescription":"","_EventCurrencySymbol":"","_EventCurrencyCode":"","_EventCurrencyPosition":"","_EventDateTimeSeparator":"","_EventTimeRangeSeparator":"","_EventOrganizerID":[],"_EventVenueID":[],"_OrganizerEmail":"","_OrganizerPhone":"","_OrganizerWebsite":"","_VenueAddress":"","_VenueCity":"","_VenueCountry":"","_VenueProvince":"","_VenueState":"","_VenueZip":"","_VenuePhone":"","_VenueURL":"","_VenueStateProvince":"","_VenueLat":"","_VenueLng":"","_VenueShowMap":false,"_VenueShowMapLink":false,"footnotes":""},"categories":[28,31],"tags":[],"class_list":["post-9051","post","type-post","status-publish","format-standard","hentry","category-actualites","category-conference"],"_links":{"self":[{"href":"http:\/\/sfej.asso.fr\/index.php?rest_route=\/wp\/v2\/posts\/9051","targetHints":{"allow":["GET"]}}],"collection":[{"href":"http:\/\/sfej.asso.fr\/index.php?rest_route=\/wp\/v2\/posts"}],"about":[{"href":"http:\/\/sfej.asso.fr\/index.php?rest_route=\/wp\/v2\/types\/post"}],"author":[{"embeddable":true,"href":"http:\/\/sfej.asso.fr\/index.php?rest_route=\/wp\/v2\/users\/3"}],"replies":[{"embeddable":true,"href":"http:\/\/sfej.asso.fr\/index.php?rest_route=%2Fwp%2Fv2%2Fcomments&post=9051"}],"version-history":[{"count":1,"href":"http:\/\/sfej.asso.fr\/index.php?rest_route=\/wp\/v2\/posts\/9051\/revisions"}],"predecessor-version":[{"id":9052,"href":"http:\/\/sfej.asso.fr\/index.php?rest_route=\/wp\/v2\/posts\/9051\/revisions\/9052"}],"wp:attachment":[{"href":"http:\/\/sfej.asso.fr\/index.php?rest_route=%2Fwp%2Fv2%2Fmedia&parent=9051"}],"wp:term":[{"taxonomy":"category","embeddable":true,"href":"http:\/\/sfej.asso.fr\/index.php?rest_route=%2Fwp%2Fv2%2Fcategories&post=9051"},{"taxonomy":"post_tag","embeddable":true,"href":"http:\/\/sfej.asso.fr\/index.php?rest_route=%2Fwp%2Fv2%2Ftags&post=9051"}],"curies":[{"name":"wp","href":"https:\/\/api.w.org\/{rel}","templated":true}]}}