{"id":9059,"date":"2026-09-04T09:21:13","date_gmt":"2026-09-04T07:21:13","guid":{"rendered":"http:\/\/sfej.asso.fr\/?p=9059"},"modified":"2026-09-04T09:21:13","modified_gmt":"2026-09-04T07:21:13","slug":"allocations-de-terrain-efeo-lancement-de-la-campagne-dattribution-date-limite-de-depot-15-oct-2026","status":"publish","type":"post","link":"http:\/\/sfej.asso.fr\/?p=9059","title":{"rendered":"[Allocations de terrain EFEO] Lancement de la campagne d&rsquo;attribution, date limite de d\u00e9p\u00f4t 15 oct 2026"},"content":{"rendered":"\n<p class=\"wp-block-paragraph\">La campagne d\u2019attribution des allocations de terrain pour le premier semestre 2027 (pour les s\u00e9jours pr\u00e9vus entre le 1er janvier et le 30 juin 2027) vient d\u2019\u00eatre lanc\u00e9e (<a href=\"https:\/\/www.efeo.fr\/recherche\/aide-a-la-recherche\/allocations-de-terrain\/\">https:\/\/www.efeo.fr\/recherche\/aide-a-la-recherche\/allocations-de-terrain\/<\/a>). La date limite de d\u00e9p\u00f4t des dossiers a \u00e9t\u00e9 fix\u00e9e au&nbsp;<strong><u>15 octobre \u00e0 minuit<\/u><\/strong>.<\/p>\n\n\n\n<p class=\"wp-block-paragraph\">L\u2019EFEO propose d\u00e9sormais deux dispositifs non cumulables:<\/p>\n\n\n\n<ul class=\"wp-block-list\">\n<li>Allocations non-fl\u00e9ch\u00e9es (tous domaines confondus).<\/li>\n\n\n\n<li>Allocations \u00ab\u00a0David Seyfort Ruegg\u00a0\u00bb, pour les \u00e9tudiants\u00a0en \u00e9tudes bouddhiques.<\/li>\n<\/ul>\n\n\n\n<p class=\"wp-block-paragraph\">Je vous remercie par avance de bien vouloir diffuser l\u2019information dans vos r\u00e9seaux, et notamment aupr\u00e8s des \u00e9tudiants de Master 2 et Doctorat, \u00e0 qui ces allocations sont destin\u00e9es.<\/p>\n\n\n\n<p class=\"wp-block-paragraph\">Bien cordialement,<\/p>\n\n\n\n<p class=\"wp-block-paragraph\">Martin Nogueira Ramos&nbsp;<\/p>\n\n\n\n<p class=\"wp-block-paragraph\"><\/p>\n","protected":false},"excerpt":{"rendered":"<p>La campagne d\u2019attribution des allocations de terrain pour le premier semestre 2027 (pour les s\u00e9jours pr\u00e9vus entre le 1er janvier et le 30 juin 2027) vient d\u2019\u00eatre lanc\u00e9e (https:\/\/www.efeo.fr\/recherche\/aide-a-la-recherche\/allocations-de-terrain\/). La date limite de d\u00e9p\u00f4t des dossiers a \u00e9t\u00e9 fix\u00e9e au&nbsp;15&hellip;&nbsp;<a href=\"http:\/\/sfej.asso.fr\/?p=9059\" class=\"more-link\">Lire la suite<\/a><\/p>\n","protected":false},"author":3,"featured_media":0,"comment_status":"closed","ping_status":"closed","sticky":false,"template":"","format":"standard","meta":{"_EventAllDay":false,"_EventTimezone":"","_EventStartDate":"","_EventEndDate":"","_EventStartDateUTC":"","_EventEndDateUTC":"","_EventShowMap":false,"_EventShowMapLink":false,"_EventURL":"","_EventCost":"","_EventCostDescription":"","_EventCurrencySymbol":"","_EventCurrencyCode":"","_EventCurrencyPosition":"","_EventDateTimeSeparator":"","_EventTimeRangeSeparator":"","_EventOrganizerID":[],"_EventVenueID":[],"_OrganizerEmail":"","_OrganizerPhone":"","_OrganizerWebsite":"","_VenueAddress":"","_VenueCity":"","_VenueCountry":"","_VenueProvince":"","_VenueState":"","_VenueZip":"","_VenuePhone":"","_VenueURL":"","_VenueStateProvince":"","_VenueLat":"","_VenueLng":"","_VenueShowMap":false,"_VenueShowMapLink":false,"footnotes":""},"categories":[28,29,33],"tags":[],"class_list":["post-9059","post","type-post","status-publish","format-standard","hentry","category-actualites","category-appel","category-poste"],"_links":{"self":[{"href":"http:\/\/sfej.asso.fr\/index.php?rest_route=\/wp\/v2\/posts\/9059","targetHints":{"allow":["GET"]}}],"collection":[{"href":"http:\/\/sfej.asso.fr\/index.php?rest_route=\/wp\/v2\/posts"}],"about":[{"href":"http:\/\/sfej.asso.fr\/index.php?rest_route=\/wp\/v2\/types\/post"}],"author":[{"embeddable":true,"href":"http:\/\/sfej.asso.fr\/index.php?rest_route=\/wp\/v2\/users\/3"}],"replies":[{"embeddable":true,"href":"http:\/\/sfej.asso.fr\/index.php?rest_route=%2Fwp%2Fv2%2Fcomments&post=9059"}],"version-history":[{"count":1,"href":"http:\/\/sfej.asso.fr\/index.php?rest_route=\/wp\/v2\/posts\/9059\/revisions"}],"predecessor-version":[{"id":9060,"href":"http:\/\/sfej.asso.fr\/index.php?rest_route=\/wp\/v2\/posts\/9059\/revisions\/9060"}],"wp:attachment":[{"href":"http:\/\/sfej.asso.fr\/index.php?rest_route=%2Fwp%2Fv2%2Fmedia&parent=9059"}],"wp:term":[{"taxonomy":"category","embeddable":true,"href":"http:\/\/sfej.asso.fr\/index.php?rest_route=%2Fwp%2Fv2%2Fcategories&post=9059"},{"taxonomy":"post_tag","embeddable":true,"href":"http:\/\/sfej.asso.fr\/index.php?rest_route=%2Fwp%2Fv2%2Ftags&post=9059"}],"curies":[{"name":"wp","href":"https:\/\/api.w.org\/{rel}","templated":true}]}}