{"id":9065,"date":"2026-09-05T08:19:46","date_gmt":"2026-09-05T06:19:46","guid":{"rendered":"http:\/\/sfej.asso.fr\/?p=9065"},"modified":"2026-09-05T08:19:46","modified_gmt":"2026-09-05T06:19:46","slug":"programme-de-subventions-fondation-du-japon-annee-fiscale-2027-date-limite-de-candidature-1er-dec-2026","status":"publish","type":"post","link":"http:\/\/sfej.asso.fr\/?p=9065","title":{"rendered":"[Programme de subventions] Fondation du Japon, ann\u00e9e fiscale 2027, date limite de candidature 1er d\u00e9c 2026"},"content":{"rendered":"\n<p class=\"wp-block-paragraph\">La Maison de la culture du Japon \u00e0 Paris a le plaisir de vous informer que la campagne de s\u00e9lection des candidatures pour les programmes propos\u00e9s par la Fondation du Japon pour l\u2019ann\u00e9e fiscale 2027 est officiellement ouverte.&nbsp;<\/p>\n\n\n\n<p class=\"wp-block-paragraph\">Nous vous adressons ci-dessous le r\u00e9sum\u00e9 de la teneur des subventions qui seraient susceptibles de vous int\u00e9resser, ainsi que les dates et liens utiles&nbsp;:<\/p>\n\n\n\n<p class=\"wp-block-paragraph\"><strong>Grant Program for Japanese Studies Projects<\/strong><\/p>\n\n\n\n<p class=\"wp-block-paragraph\"><strong>Date limite de candidature : le 1<sup>er<\/sup>&nbsp;d\u00e9cembre, 13h00 (heure japonaise), 5h00 (heure fran\u00e7aise)<\/strong><\/p>\n\n\n\n<p class=\"wp-block-paragraph\">Ce programme soutient des organisations \u00e0 but non lucratif, telles que des \u00e9tablissements d\u2019enseignement sup\u00e9rieur ou instituts de recherche, dans la r\u00e9alisation de projets en \u00e9tudes japonaises (colloques, projets de recherche, publications, achats des livres, etc).<\/p>\n\n\n\n<p class=\"wp-block-paragraph\"><strong>Japanese Studies Fellowship Program<\/strong><\/p>\n\n\n\n<p class=\"wp-block-paragraph\"><strong>Date limite de candidature : le 1<sup>er<\/sup>&nbsp;d\u00e9cembre, 13h00 (heure japonaise), 5h00 (heure fran\u00e7aise)<\/strong><\/p>\n\n\n\n<p class=\"wp-block-paragraph\">Ce programme offre aux chercheurs et aux doctorants en \u00e9tudes japonaises de s\u00e9journer au Japon dans le cadre de leur projet de recherche. Le programme comprend trois sous-cat\u00e9gories :<\/p>\n\n\n\n<ul class=\"wp-block-list\">\n<li>Chercheurs (long terme) (4 \u00e0 12 mois)<\/li>\n\n\n\n<li>Chercheurs (court terme) (21 jours \u00e0 89 jours)<\/li>\n\n\n\n<li>Doctorants (4 \u00e0 12 mois)<\/li>\n<\/ul>\n\n\n\n<p class=\"wp-block-paragraph\"><strong>Japanese Language Program for Specialists in Cultural and Academic Fields<\/strong><\/p>\n\n\n\n<p class=\"wp-block-paragraph\"><strong>Date limite de candidature : le 1<sup>er<\/sup>&nbsp;d\u00e9cembre, 13h00 (heure japonaise), 5h00 (heure fran\u00e7aise)<\/strong><\/p>\n\n\n\n<p class=\"wp-block-paragraph\">Ce programme offre un cours de langue japonaise de six mois aux sp\u00e9cialistes (chercheurs, \u00e9tudiants en master et doctorat, biblioth\u00e9caires et conservateurs de mus\u00e9es) pour am\u00e9liorer leur japonais \u00e0 des objectifs acad\u00e9miques ou professionnels. Le cours se d\u00e9roule \u00e0 l\u2019institut de langue japonaise du Kansai, au Japon.<\/p>\n\n\n\n<p class=\"wp-block-paragraph\">EN&nbsp;:&nbsp;<a href=\"https:\/\/www.jpf.go.jp\/e\/program\/intel.html\">The Japan Foundation &#8211; Japanese Studies Overseas and Global Partnerships [Dialogue]<\/a><\/p>\n\n\n\n<p class=\"wp-block-paragraph\">JP&nbsp;:&nbsp;<a href=\"https:\/\/www.jpf.go.jp\/j\/program\/intel.html\">\u56fd\u969b\u4ea4\u6d41\u57fa\u91d1&nbsp;&#8211;&nbsp;\u6d77\u5916\u306b\u304a\u3051\u308b\u65e5\u672c\u7814\u7a76\u53ca\u3073\u56fd\u969b\u5bfe\u8a71\u30fb\u30cd\u30c3\u30c8\u30ef\u30fc\u30af\u5f62\u6210[\u5bfe\u8a71]<\/a><\/p>\n\n\n\n<p class=\"wp-block-paragraph\">Afin de vous accompagner dans vos d\u00e9marches, la Fondation du Japon a mis en ligne des vid\u00e9os explicatives consacr\u00e9es au processus de candidature, que vous pouvez consulter aux liens suivants :<\/p>\n\n\n\n<ul class=\"wp-block-list\">\n<li>Cr\u00e9ation d\u2019un compte\uff1a<a href=\"https:\/\/youtu.be\/8rtwnqsO-rE\" target=\"_blank\" rel=\"noopener\">https:\/\/youtu.be\/8rtwnqsO-rE<\/a>\u00a0\u00a0<\/li>\n\n\n\n<li>Remplir le formulaire de candidature\u00a0\uff1a<a href=\"https:\/\/youtu.be\/P5jzsQEGigM\" target=\"_blank\" rel=\"noopener\">https:\/\/youtu.be\/P5jzsQEGigM<\/a>\u00a0\u3000\u00a0<\/li>\n\n\n\n<li>T\u00e9l\u00e9versement des formulaires\uff1a<a href=\"https:\/\/youtu.be\/zm4F_f3d6pQ\" target=\"_blank\" rel=\"noopener\">https:\/\/youtu.be\/zm4F_f3d6pQ<\/a>\u00a0<\/li>\n<\/ul>\n\n\n\n<p class=\"wp-block-paragraph\">Nous esp\u00e9rons que cela puisse aider certains de vos projets et sommes impatients de recevoir vos candidatures.<\/p>\n","protected":false},"excerpt":{"rendered":"<p>La Maison de la culture du Japon \u00e0 Paris a le plaisir de vous informer que la campagne de s\u00e9lection des candidatures pour les programmes propos\u00e9s par la Fondation du Japon pour l\u2019ann\u00e9e fiscale 2027 est officiellement ouverte.&nbsp; Nous vous&hellip;&nbsp;<a href=\"http:\/\/sfej.asso.fr\/?p=9065\" class=\"more-link\">Lire la suite<\/a><\/p>\n","protected":false},"author":3,"featured_media":0,"comment_status":"closed","ping_status":"closed","sticky":false,"template":"","format":"standard","meta":{"_EventAllDay":false,"_EventTimezone":"","_EventStartDate":"","_EventEndDate":"","_EventStartDateUTC":"","_EventEndDateUTC":"","_EventShowMap":false,"_EventShowMapLink":false,"_EventURL":"","_EventCost":"","_EventCostDescription":"","_EventCurrencySymbol":"","_EventCurrencyCode":"","_EventCurrencyPosition":"","_EventDateTimeSeparator":"","_EventTimeRangeSeparator":"","_EventOrganizerID":[],"_EventVenueID":[],"_OrganizerEmail":"","_OrganizerPhone":"","_OrganizerWebsite":"","_VenueAddress":"","_VenueCity":"","_VenueCountry":"","_VenueProvince":"","_VenueState":"","_VenueZip":"","_VenuePhone":"","_VenueURL":"","_VenueStateProvince":"","_VenueLat":"","_VenueLng":"","_VenueShowMap":false,"_VenueShowMapLink":false,"footnotes":""},"categories":[28,32],"tags":[],"class_list":["post-9065","post","type-post","status-publish","format-standard","hentry","category-actualites","category-financement"],"_links":{"self":[{"href":"http:\/\/sfej.asso.fr\/index.php?rest_route=\/wp\/v2\/posts\/9065","targetHints":{"allow":["GET"]}}],"collection":[{"href":"http:\/\/sfej.asso.fr\/index.php?rest_route=\/wp\/v2\/posts"}],"about":[{"href":"http:\/\/sfej.asso.fr\/index.php?rest_route=\/wp\/v2\/types\/post"}],"author":[{"embeddable":true,"href":"http:\/\/sfej.asso.fr\/index.php?rest_route=\/wp\/v2\/users\/3"}],"replies":[{"embeddable":true,"href":"http:\/\/sfej.asso.fr\/index.php?rest_route=%2Fwp%2Fv2%2Fcomments&post=9065"}],"version-history":[{"count":1,"href":"http:\/\/sfej.asso.fr\/index.php?rest_route=\/wp\/v2\/posts\/9065\/revisions"}],"predecessor-version":[{"id":9066,"href":"http:\/\/sfej.asso.fr\/index.php?rest_route=\/wp\/v2\/posts\/9065\/revisions\/9066"}],"wp:attachment":[{"href":"http:\/\/sfej.asso.fr\/index.php?rest_route=%2Fwp%2Fv2%2Fmedia&parent=9065"}],"wp:term":[{"taxonomy":"category","embeddable":true,"href":"http:\/\/sfej.asso.fr\/index.php?rest_route=%2Fwp%2Fv2%2Fcategories&post=9065"},{"taxonomy":"post_tag","embeddable":true,"href":"http:\/\/sfej.asso.fr\/index.php?rest_route=%2Fwp%2Fv2%2Ftags&post=9065"}],"curies":[{"name":"wp","href":"https:\/\/api.w.org\/{rel}","templated":true}]}}