{"id":9067,"date":"2026-09-05T08:21:47","date_gmt":"2026-09-05T06:21:47","guid":{"rendered":"http:\/\/sfej.asso.fr\/?p=9067"},"modified":"2026-09-05T08:21:48","modified_gmt":"2026-09-05T06:21:48","slug":"seminaire-enseignants-de-japonais-12-septembre-2026-format-hybride-paris-cite","status":"publish","type":"post","link":"http:\/\/sfej.asso.fr\/?p=9067","title":{"rendered":"[S\u00e9minaire] Enseignants de japonais, 12 septembre 2026, format hybride Paris-Cit\u00e9"},"content":{"rendered":"\n<p class=\"wp-block-paragraph\">Je me permets de partager l&rsquo;annonce du s\u00e9minaire destin\u00e9 aux enseignants de japonais, coorganis\u00e9 par le NINJAL et l&rsquo;AEJF, qui se tiendra le 12 septembre en mode hybride, \u00e0 l&rsquo;universit\u00e9 Paris-Cit\u00e9 et en ligne.<\/p>\n\n\n\n<p class=\"wp-block-paragraph\"><a href=\"https:\/\/www.ninjal.ac.jp\/events_jp\/20260912a\">https:\/\/www.ninjal.ac.jp\/events_jp\/20260912a<\/a><\/p>\n\n\n\n<p class=\"wp-block-paragraph\">Participation gratuite.&nbsp;Il reste encore quelques places pour participer sur place<\/p>\n\n\n\n<p class=\"wp-block-paragraph\">Tr\u00e8s cordialement,<\/p>\n\n\n\n<p class=\"wp-block-paragraph\">Fumiko Sugie<\/p>\n","protected":false},"excerpt":{"rendered":"<p>Je me permets de partager l&rsquo;annonce du s\u00e9minaire destin\u00e9 aux enseignants de japonais, coorganis\u00e9 par le NINJAL et l&rsquo;AEJF, qui se tiendra le 12 septembre en mode hybride, \u00e0 l&rsquo;universit\u00e9 Paris-Cit\u00e9 et en ligne. https:\/\/www.ninjal.ac.jp\/events_jp\/20260912a Participation gratuite.&nbsp;Il reste encore quelques&hellip;&nbsp;<a href=\"http:\/\/sfej.asso.fr\/?p=9067\" class=\"more-link\">Lire la suite<\/a><\/p>\n","protected":false},"author":3,"featured_media":0,"comment_status":"closed","ping_status":"closed","sticky":false,"template":"","format":"standard","meta":{"_EventAllDay":false,"_EventTimezone":"","_EventStartDate":"","_EventEndDate":"","_EventStartDateUTC":"","_EventEndDateUTC":"","_EventShowMap":false,"_EventShowMapLink":false,"_EventURL":"","_EventCost":"","_EventCostDescription":"","_EventCurrencySymbol":"","_EventCurrencyCode":"","_EventCurrencyPosition":"","_EventDateTimeSeparator":"","_EventTimeRangeSeparator":"","_EventOrganizerID":[],"_EventVenueID":[],"_OrganizerEmail":"","_OrganizerPhone":"","_OrganizerWebsite":"","_VenueAddress":"","_VenueCity":"","_VenueCountry":"","_VenueProvince":"","_VenueState":"","_VenueZip":"","_VenuePhone":"","_VenueURL":"","_VenueStateProvince":"","_VenueLat":"","_VenueLng":"","_VenueShowMap":false,"_VenueShowMapLink":false,"footnotes":""},"categories":[28,34],"tags":[],"class_list":["post-9067","post","type-post","status-publish","format-standard","hentry","category-actualites","category-seminaire"],"_links":{"self":[{"href":"http:\/\/sfej.asso.fr\/index.php?rest_route=\/wp\/v2\/posts\/9067","targetHints":{"allow":["GET"]}}],"collection":[{"href":"http:\/\/sfej.asso.fr\/index.php?rest_route=\/wp\/v2\/posts"}],"about":[{"href":"http:\/\/sfej.asso.fr\/index.php?rest_route=\/wp\/v2\/types\/post"}],"author":[{"embeddable":true,"href":"http:\/\/sfej.asso.fr\/index.php?rest_route=\/wp\/v2\/users\/3"}],"replies":[{"embeddable":true,"href":"http:\/\/sfej.asso.fr\/index.php?rest_route=%2Fwp%2Fv2%2Fcomments&post=9067"}],"version-history":[{"count":1,"href":"http:\/\/sfej.asso.fr\/index.php?rest_route=\/wp\/v2\/posts\/9067\/revisions"}],"predecessor-version":[{"id":9068,"href":"http:\/\/sfej.asso.fr\/index.php?rest_route=\/wp\/v2\/posts\/9067\/revisions\/9068"}],"wp:attachment":[{"href":"http:\/\/sfej.asso.fr\/index.php?rest_route=%2Fwp%2Fv2%2Fmedia&parent=9067"}],"wp:term":[{"taxonomy":"category","embeddable":true,"href":"http:\/\/sfej.asso.fr\/index.php?rest_route=%2Fwp%2Fv2%2Fcategories&post=9067"},{"taxonomy":"post_tag","embeddable":true,"href":"http:\/\/sfej.asso.fr\/index.php?rest_route=%2Fwp%2Fv2%2Ftags&post=9067"}],"curies":[{"name":"wp","href":"https:\/\/api.w.org\/{rel}","templated":true}]}}